{"id":1747,"date":"2025-05-07T06:56:53","date_gmt":"2025-05-07T06:56:53","guid":{"rendered":"https:\/\/calaestudi.com\/?p=1747"},"modified":"2025-05-07T06:57:59","modified_gmt":"2025-05-07T06:57:59","slug":"transformacion-de-espacios-interiores-en-barcelona","status":"publish","type":"post","link":"https:\/\/calaestudi.com\/ca\/transformacio-despais-interiors-a-barcelona\/","title":{"rendered":"Transformaci\u00f3 completa d&#039;espais interiors a Barcelona: Disseny i Funcionalitat"},"content":{"rendered":"<div data-elementor-type=\"wp-post\" data-elementor-id=\"1747\" class=\"elementor elementor-1747\" data-elementor-post-type=\"post\">\n\t\t\t\t<div class=\"elementor-element elementor-element-a73b99e e-flex e-con-boxed e-con e-parent\" data-id=\"a73b99e\" data-element_type=\"container\">\n\t\t\t\t\t<div class=\"e-con-inner\">\n\t\t\t\t<div class=\"elementor-element elementor-element-8e0f094 elementor-widget elementor-widget-text-editor\" data-id=\"8e0f094\" data-element_type=\"widget\" data-widget_type=\"text-editor.default\">\n\t\t\t\t<div class=\"elementor-widget-container\">\n\t\t\t\t\t\t\t\t\t<p data-sourcepos=\"14:1-14:669\">Sents que l&#039;interior de casa teva o local a Barcelona ja no et representa? Potser els espais s\u00f3n foscos, la distribuci\u00f3 \u00e9s un laberint que dificulta el teu dia a dia, o simplement somnies amb un ambient que respiri la teva ess\u00e8ncia i s&#039;adapti com un guant a la teva vida actual. \u00c9s possible reinventar completament un interior, donar-li una \u00e0nima nova i fer-lo vibrar amb la teva energia sense necessitat de canviar de direcci\u00f3? La resposta \u00e9s un rotund s\u00ed, i la clau \u00e9s a la <strong>Transformaci\u00f3 d&#039;espais interiors a Barcelona<\/strong>, un proc\u00e9s apassionant on el disseny cura i la funcionalitat intel\u00b7ligent es donen la m\u00e0 per crear alguna cosa veritablement extraordin\u00e0ria.<\/p><p data-sourcepos=\"16:1-16:210\">Acompanya&#039;ns a descobrir com aquest viatge de redisseny pot revitalitzar completament els teus espais, convertint-los en llocs que no nom\u00e9s llueixin espectaculars, sin\u00f3 que tamb\u00e9 funcionin a la perfecci\u00f3 per a tu.<\/p><h2 data-sourcepos=\"18:1-18:77\">Qu\u00e8 implica realment una transformaci\u00f3 completa d&#039;espais interiors?<\/h2><p data-sourcepos=\"20:1-20:221\">Quan parlem duna transformaci\u00f3 completa, anem molt m\u00e9s enll\u00e0 duna simple capa de pintura o canviar alguns mobles de lloc. \u00c9s un canvi profund, de vegades estructural, que redefineix l&#039;ess\u00e8ncia mateixa de l&#039;espai.<\/p><h3 data-sourcepos=\"22:1-22:65\">M\u00e9s enll\u00e0 de la Decoraci\u00f3: Un Canvi Estructural i Conceptual<\/h3><p data-sourcepos=\"24:1-24:52\">Una transformaci\u00f3 interior completa pot implicar:<\/p><ul data-sourcepos=\"25:1-31:0\"><li data-sourcepos=\"25:1-25:117\"><strong>Redisseny de la distribuci\u00f3:<\/strong> Modificar envans per crear espais m\u00e9s oberts, lluminosos i m\u00e9s ben connectats.<\/li><li data-sourcepos=\"26:1-26:132\"><strong>Renovaci\u00f3 d&#039;instal\u00b7lacions:<\/strong> Actualitzar sistemes d&#039;electricitat, fontaneria, climatitzaci\u00f3 per a m\u00e9s efici\u00e8ncia i seguretat.<\/li><li data-sourcepos=\"27:1-27:100\"><strong>Nous revestiments i acabats:<\/strong> S\u00f2ls, parets, sostres que defineixen el car\u00e0cter de lespai.<\/li><li data-sourcepos=\"28:1-28:106\"><strong>Disseny d&#039;il\u00b7luminaci\u00f3 integral:<\/strong> Creant diferents ambients i assegurant la funcionalitat lum\u00ednica.<\/li><li data-sourcepos=\"29:1-29:112\"><strong>Mobiliari a mida o acuradament seleccionat:<\/strong> Per optimitzar lespai i reflectir lestil desitjat.<\/li><li data-sourcepos=\"30:1-31:0\"><strong>Un nou concepte de disseny:<\/strong> Una visi\u00f3 global que unifica tots els elements per crear una atmosfera coherent i personalitzada.<\/li><\/ul><p data-sourcepos=\"32:1-32:343\">Imagina que casa teva \u00e9s com un llibre. Amb el temps, algunes p\u00e0gines s&#039;arronsen, l&#039;enquadernaci\u00f3 es desgasta o la hist\u00f2ria ja no t&#039;enganxa tant. Una transformaci\u00f3 interior completa \u00e9s com reescriure aquest llibre, amb una nova i atractiva portada (el disseny) i una hist\u00f2ria molt m\u00e9s emocionant, fluida i f\u00e0cil de llegir (la funcionalitat).<\/p><h3 data-sourcepos=\"34:1-34:66\">L&#039;Objectiu: Espais que Inspiren i Funcionen a la Perfecci\u00f3<\/h3><p data-sourcepos=\"36:1-36:305\">La fi \u00faltima de la <strong>Transformaci\u00f3 d&#039;espais interiors a Barcelona<\/strong> \u00e9s crear ambients que no nom\u00e9s siguin est\u00e8ticament agradables, sin\u00f3 que tamb\u00e9 millorin la qualitat de vida dels qui els habiten o utilitzen. Espais que inspirin, que convidin a ser viscuts i que facilitin les activitats di\u00e0ries.<\/p><h2 data-sourcepos=\"38:1-38:79\">Senyals que els teus Espais Interiors a Barcelona Demanen un Canvi a Crits<\/h2><p data-sourcepos=\"40:1-40:89\">De vegades, els espais ens envien senyals clars que necessiten una renovaci\u00f3 profunda:<\/p><ul data-sourcepos=\"42:1-47:0\"><li data-sourcepos=\"42:1-42:162\"><strong>Distribuci\u00f3 Ineficient:<\/strong> Zones mortes, passadissos interminables, habitacions mal connectades que dificulten la circulaci\u00f3 o l&#039;aprofitament de l&#039;espai.<\/li><li data-sourcepos=\"43:1-43:155\"><strong>Manca de Llum Natural i Sensaci\u00f3 d&#039;Agobi:<\/strong> Espais foscos, amb poca ventilaci\u00f3, que poden afectar negativament l&#039;estat d&#039;\u00e0nim i el confort.<\/li><li data-sourcepos=\"44:1-44:164\"><strong>Est\u00e8tica Desfasada o que ja no reflecteix el teu Estil:<\/strong> Colors, materials o mobles que han passat de moda o que ja no es corresponen amb la teva personalitat actual.<\/li><li data-sourcepos=\"45:1-45:186\"><strong>Necessitat d&#039;adaptar l&#039;espai a nous usos:<\/strong> L\u00b4arribada de nous membres a la fam\u00edlia, la necessitat d\u00b4un despatx per teletreballar, el desig de tenir un espai m\u00e9s social\u2026<\/li><li data-sourcepos=\"46:1-47:0\"><strong>Instal\u00b7lacions Interiors (Fontaneria, Electricitat) Antiquades:<\/strong> Que poden suposar un risc, ser poc eficients o no cobrir les necessitats actuals (pocs endolls, pressi\u00f3 d&#039;aigua deficient, etc.).<\/li><\/ul><p data-sourcepos=\"48:1-48:109\">Si us identifiqueu amb diversos d&#039;aquests senyals, probablement \u00e9s el moment de plantejar-vos una transformaci\u00f3.<\/p><h2 data-sourcepos=\"50:1-50:57\">El Poder del Disseny a la Transformaci\u00f3 d&#039;Interiors<\/h2><p data-sourcepos=\"52:1-52:168\">El disseny \u00e9s l&#039;eina m\u00e0gica que d\u00f3na forma i car\u00e0cter a la transformaci\u00f3. Un bon disseny interior pot canviar radicalment la percepci\u00f3 i l\u00fas dun espai.<\/p><h3 data-sourcepos=\"54:1-54:70\">Creant una Nova Identitat Visual: Colors, Textures i Materials<\/h3><p data-sourcepos=\"56:1-56:282\">La paleta de colors, l&#039;elecci\u00f3 de textures (fusta, pedra, t\u00e8xtils) i els materials dels revestiments s\u00f3n fonamentals per definir l&#039;estil i l&#039;atmosfera del nou interior. Busques un ambient c\u00e0lid i acollidor, o un de modern i minimalista? El disseny ho fa possible.<\/p><h3 data-sourcepos=\"58:1-58:53\">La import\u00e0ncia d&#039;un concepte de disseny coherent<\/h3><p data-sourcepos=\"60:1-60:320\">Un projecte de transformaci\u00f3 amb \u00e8xit es basa en un concepte de disseny clar i unificador. Aix\u00f2 assegura que tots els elements \u2013des de la distribuci\u00f3 fins al darrer detall decoratiu\u2013 treballin junts per crear un conjunt harmoni\u00f3s i amb sentit. A Cala Estudi, dediquem temps a desenvolupar aquest concepte amb tu.<\/p><h3 data-sourcepos=\"62:1-62:53\">El Disseny d&#039;Il\u00b7luminaci\u00f3: Transformant Ambients<\/h3><p data-sourcepos=\"64:1-64:297\">La il\u00b7luminaci\u00f3 \u00e9s un dels aspectes m\u00e9s poderosos del disseny interior. Un bon projecte lum\u00ednic combina diferents tipus de llum (general, puntual, ambiental, decorativa) per crear diferents atmosferes, ressaltar elements arquitect\u00f2nics o decoratius, i assegurar-ne la funcionalitat a cada zona.<\/p><h3 data-sourcepos=\"66:1-66:78\">Mobiliari a Mida: La Clau per a la Personalitzaci\u00f3 i l&#039;Aprofitament<\/h3><p data-sourcepos=\"68:1-68:272\">El mobiliari dissenyat a mida permet aprofitar al m\u00e0xim cada cent\u00edmetre, adaptar-se a geometries complicades i crear solucions d&#039;emmagatzematge \u00faniques i totalment personalitzades. \u00c9s la cirereta del past\u00eds en una <strong>Transformaci\u00f3 d&#039;espais interiors a Barcelona<\/strong>.<\/p><h2 data-sourcepos=\"70:1-70:61\">Funcionalitat: El Cor d&#039;un Interior B\u00e9 Transformat<\/h2><p data-sourcepos=\"72:1-72:197\">Un interior pot ser bell\u00edssim, per\u00f2 si no \u00e9s funcional, la transformaci\u00f3 no estar\u00e0 completa. La funcionalitat \u00e9s la intel\u00b7lig\u00e8ncia que fa que un espai sigui veritablement habitable i agradable.<\/p><h3 data-sourcepos=\"74:1-74:41\">Optimitzant el Flux i la Circulaci\u00f3<\/h3><p data-sourcepos=\"76:1-76:198\">Una bona distribuci\u00f3 garanteix que puguis moure&#039;t amb facilitat i naturalitat per l&#039;espai, sense obstacles ni recorreguts absurds. Sestudien els usos de cada zona i com es connecten entre si.<\/p><h3 data-sourcepos=\"78:1-78:57\">Solucions d&#039;Emmagatzematge Intel\u00b7ligents i Discretes<\/h3><p data-sourcepos=\"80:1-80:243\">L&#039;ordre \u00e9s fonamental per al benestar. Un disseny funcional incorpora solucions d&#039;emmagatzematge enginyoses (armaris encastats, altells, mobles amb doble \u00fas) que ajuden a mantenir-ho tot al seu lloc sense recarregar visualment l&#039;espai.<\/p><h3 data-sourcepos=\"82:1-82:38\">Ergonomia i Confort a Cada Rac\u00f3<\/h3><p data-sourcepos=\"84:1-84:188\">Des de l&#039;al\u00e7ada d&#039;un taulell de cuina fins a l&#039;elecci\u00f3 d&#039;un sof\u00e0 c\u00f2mode o una cadira de treball adequada, l&#039;ergonomia busca adaptar el disseny a les persones per garantir-ne el confort i la salut.<\/p><h3 data-sourcepos=\"86:1-86:61\">Multifuncionalitat: Espais que Serveixen per a Diverses Coses<\/h3><p data-sourcepos=\"88:1-88:267\">A Barcelona, on els metres quadrats solen ser valuosos, dissenyar espais multifuncionals \u00e9s una estrat\u00e8gia intel\u00b7ligent. Una mateixa estan\u00e7a pot servir per a diferents usos segons el moment del dia, gr\u00e0cies a mobles vers\u00e0tils o solucions de divisi\u00f3 lleugeres.<\/p><h2 data-sourcepos=\"90:1-90:83\">Fases clau en un projecte de transformaci\u00f3 d&#039;espais interiors a Barcelona<\/h2><p data-sourcepos=\"92:1-92:144\">Un projecte d&#039;aquesta envergadura requereix una planificaci\u00f3 curosa i un proc\u00e9s ben estructurat.<\/p><ol data-sourcepos=\"94:1-100:0\"><li data-sourcepos=\"94:1-94:218\"><strong>Fase 1: Escolta i Diagn\u00f2stic:<\/strong> Ens reunim amb tu per entendre a fons les teves necessitats, desitjos, estil de vida i pressupost. Analitzem l&#039;espai actual per identificar-ne les potencialitats i les limitacions.<\/li><li data-sourcepos=\"95:1-95:231\"><strong>Fase 2: Proposta Creativa:<\/strong> Desenvolupem un concepte de disseny amb propostes de distribuci\u00f3, estils, materials i ambients, sovint recolzant-nos en moodboards i visualitzacions 3D perqu\u00e8 puguis imaginar-ne el resultat.<\/li><li data-sourcepos=\"96:1-96:210\"><strong>Fase 3: Projecte Detallat i Pressupost Transparent:<\/strong> Un cop aprovat el concepte, elaborem el projecte t\u00e8cnic amb tots els pl\u00e0nols i especificacions, juntament amb un pressupost detallat i tancat.<\/li><li data-sourcepos=\"97:1-97:236\"><strong>Fase 4: Gesti\u00f3 de Permisos i Planificaci\u00f3 de l&#039;Execuci\u00f3:<\/strong> Si la transformaci\u00f3 implica obres majors, ens encarreguem de gestionar les llic\u00e8ncies necess\u00e0ries a Barcelona i planifiquem minuciosament cada etapa de lexecuci\u00f3.<\/li><li data-sourcepos=\"98:1-98:185\"><strong>Fase 5: Execuci\u00f3 de la Transformaci\u00f3:<\/strong> El nostre equip coordina tots els professionals i gremis implicats, supervisant la qualitat i els terminis per materialitzar el disseny.<\/li><li data-sourcepos=\"99:1-100:0\"><strong>Fase 6: Detalls Finals i Lliurament de l&#039;Espai Renovat:<\/strong> Cuidem els darrers detalls (il\u00b7luminaci\u00f3, decoraci\u00f3 si s&#039;hi inclou, neteja professional) i t&#039;entreguem el teu nou espai, llest per ser gaudit.<\/li><\/ol><h2 data-sourcepos=\"101:1-101:77\">Beneficis d&#039;invertir en una transformaci\u00f3 professional dels teus interiors<\/h2><p data-sourcepos=\"103:1-103:119\">Embarcar-se en una <strong>Transformaci\u00f3 d&#039;espais interiors a Barcelona<\/strong> amb ajuda professional ofereix grans avantatges:<\/p><ul data-sourcepos=\"105:1-109:0\"><li data-sourcepos=\"105:1-105:167\"><strong>Augment del valor de la teva propietat:<\/strong> Un interior ben dissenyat i funcional incrementa significativament l&#039;atractiu i el valor de mercat del vostre habitatge o local.<\/li><li data-sourcepos=\"106:1-106:178\"><strong>Millora Radical de la teva Qualitat de Vida o Productivitat:<\/strong> Un espai adaptat a tu millora el teu confort, el teu benestar i, en el cas d&#039;un negoci, l&#039;efici\u00e8ncia i la imatge de marca.<\/li><li data-sourcepos=\"107:1-107:120\"><strong>Espais que reflecteixen la teva Personalitat o Identitat de Marca:<\/strong> Un disseny a mida crea ambients \u00fanics i aut\u00e8ntics.<\/li><li data-sourcepos=\"108:1-109:0\"><strong>Major Efici\u00e8ncia Energ\u00e8tica i Confort:<\/strong> Una bona planificaci\u00f3 de la il\u00b7luminaci\u00f3, l&#039;a\u00efllament (si s&#039;interv\u00e9 en tancaments) i la climatitzaci\u00f3 poden reduir el consum energ\u00e8tic.<\/li><\/ul><h2 data-sourcepos=\"110:1-110:80\">Idees inspiradores per a la transformaci\u00f3 d&#039;espais interiors a Barcelona<\/h2><ul data-sourcepos=\"112:1-116:0\"><li data-sourcepos=\"112:1-112:177\"><strong>Obrint Espais:<\/strong> Unir cuina, sal\u00f3 i menjador per crear zones di\u00e0fanes i lluminoses continua sent una tend\u00e8ncia molt demanada per la seva sociabilitat i sensaci\u00f3 d&#039;amplitud.<\/li><li data-sourcepos=\"113:1-113:164\"><strong>El Bany com a Santuari:<\/strong> Transformar el bany en un espai de relaxaci\u00f3 i cura personal amb dutxes efecte pluja, materials naturals i una il\u00b7luminaci\u00f3 c\u00e0lida.<\/li><li data-sourcepos=\"114:1-114:188\"><strong>Solucions per a Espais Petits a Barcelona:<\/strong> Mobiliari multifuncional, colors clars, miralls estrat\u00e8gicament col\u00b7locats i distribucions intel\u00b7ligents per maximitzar cada metre.<\/li><li data-sourcepos=\"115:1-116:0\"><strong>Integrant la Tecnologia de Forma Elegant:<\/strong> Dom\u00f2tica per controlar la il\u00b7luminaci\u00f3, la climatitzaci\u00f3 o el so de forma discreta i eficient.<\/li><\/ul><h2 data-sourcepos=\"117:1-117:82\">Cala Estudi: El teu Aliat a la Transformaci\u00f3 d&#039;Espais Interiors a Barcelona<\/h2><p data-sourcepos=\"119:1-119:195\">A Cala Estudi ens apassiona el poder transformador del disseny d&#039;interiors. Creiem que cada espai t\u00e9 una hist\u00f2ria per explicar i un potencial il\u00b7limitat per millorar la vida de les persones.<\/p><h3 data-sourcepos=\"121:1-121:70\">La nostra Filosofia: Disseny que Emociona, Funcionalitat que Facilita<\/h3><p data-sourcepos=\"123:1-123:313\">Abordem cada projecte de <strong>Transformaci\u00f3 d&#039;espais interiors a Barcelona<\/strong> amb una doble missi\u00f3: crear dissenys que emocionin i despertin sensacions, i assegurar una funcionalitat impecable que faci el dia a dia m\u00e9s f\u00e0cil i agradable. Per nosaltres, la bellesa i la practicitat han d&#039;anar sempre de la m\u00e0.<\/p><h3 data-sourcepos=\"125:1-125:60\">Per qu\u00e8 Triar Cala Estudi per a Renovar els teus Interiors?<\/h3><p data-sourcepos=\"127:1-127:425\">Ens comprometem a escoltar-te, a entendre la teva visi\u00f3 ia traduir-la en un projecte \u00fanic i personalitzat. T&#039;acompanyem a cada pas, des de la idea inicial fins a l&#039;\u00faltim detall, gestionant tot el proc\u00e9s perqu\u00e8 tu nom\u00e9s hagis de preocupar-te per gaudir de la transformaci\u00f3. La nostra experi\u00e8ncia a Barcelona ens permet oferir solucions creatives i eficients, adaptades al car\u00e0cter d&#039;aquesta meravellosa ciutat.<\/p><p data-sourcepos=\"129:1-129:304\">Si sents que ha arribat el moment de donar una nova vida als teus espais interiors, et convidem a explorar les infinites possibilitats que una transformaci\u00f3 ben planificada et pot oferir. A Cala Estudi, estem a punt per ajudar-te a convertir la teva visi\u00f3 en una realitat inspiradora i funcional.<\/p>\t\t\t\t\t\t\t\t<\/div>\n\t\t\t\t<\/div>\n\t\t\t\t\t<\/div>\n\t\t\t\t<\/div>\n\t\t<div class=\"elementor-element elementor-element-68a09f9 e-flex e-con-boxed e-con e-parent\" data-id=\"68a09f9\" data-element_type=\"container\">\n\t\t\t\t\t<div class=\"e-con-inner\">\n\t\t<div class=\"elementor-element elementor-element-03d1060 e-con-full e-flex e-con e-child\" data-id=\"03d1060\" data-element_type=\"container\">\n\t\t\t\t<div class=\"elementor-element elementor-element-8173a65 elementor-widget elementor-widget-heading\" data-id=\"8173a65\" data-element_type=\"widget\" data-widget_type=\"heading.default\">\n\t\t\t\t<div class=\"elementor-widget-container\">\n\t\t\t\t\t<h2 class=\"elementor-heading-title elementor-size-default\">navega a un altre apartat de la web<\/h2>\t\t\t\t<\/div>\n\t\t\t\t<\/div>\n\t\t\t\t<div class=\"elementor-element elementor-element-346c25d elementor-icon-list--layout-traditional elementor-list-item-link-full_width elementor-widget elementor-widget-icon-list\" data-id=\"346c25d\" data-element_type=\"widget\" data-widget_type=\"icon-list.default\">\n\t\t\t\t<div class=\"elementor-widget-container\">\n\t\t\t\t\t\t\t<ul class=\"elementor-icon-list-items\">\n\t\t\t\t\t\t\t<li class=\"elementor-icon-list-item\">\n\t\t\t\t\t\t\t\t\t\t\t<a href=\"https:\/\/calaestudi.com\/ca\/\">\n\n\t\t\t\t\t\t\t\t\t\t\t\t<span class=\"elementor-icon-list-icon\">\n\t\t\t\t\t\t\t<svg aria-hidden=\"true\" class=\"e-font-icon-svg e-fas-chevron-right\" viewbox=\"0 0 320 512\" xmlns=\"http:\/\/www.w3.org\/2000\/svg\"><path d=\"M285.476 272.971L91.132 467.314c-9.373 9.373-24.569 9.373-33.941 0l-22.667-22.667c-9.357-9.357-9.375-24.522-.04-33.901L188.505 256 34.484 101.255c-9.335-9.379-9.317-24.544.04-33.901l22.667-22.667c9.373-9.373 24.569-9.373 33.941 0L285.475 239.03c9.373 9.372 9.373 24.568.001 33.941z\"><\/path><\/svg>\t\t\t\t\t\t<\/span>\n\t\t\t\t\t\t\t\t\t\t<span class=\"elementor-icon-list-text\">Inici<\/span>\n\t\t\t\t\t\t\t\t\t\t\t<\/a>\n\t\t\t\t\t\t\t\t\t<\/li>\n\t\t\t\t\t\t\t\t<li class=\"elementor-icon-list-item\">\n\t\t\t\t\t\t\t\t\t\t\t<a href=\"https:\/\/calaestudi.com\/ca\/contacte\/\">\n\n\t\t\t\t\t\t\t\t\t\t\t\t<span class=\"elementor-icon-list-icon\">\n\t\t\t\t\t\t\t<svg aria-hidden=\"true\" class=\"e-font-icon-svg e-fas-chevron-right\" viewbox=\"0 0 320 512\" xmlns=\"http:\/\/www.w3.org\/2000\/svg\"><path d=\"M285.476 272.971L91.132 467.314c-9.373 9.373-24.569 9.373-33.941 0l-22.667-22.667c-9.357-9.357-9.375-24.522-.04-33.901L188.505 256 34.484 101.255c-9.335-9.379-9.317-24.544.04-33.901l22.667-22.667c9.373-9.373 24.569-9.373 33.941 0L285.475 239.03c9.373 9.372 9.373 24.568.001 33.941z\"><\/path><\/svg>\t\t\t\t\t\t<\/span>\n\t\t\t\t\t\t\t\t\t\t<span class=\"elementor-icon-list-text\">Contacte<\/span>\n\t\t\t\t\t\t\t\t\t\t\t<\/a>\n\t\t\t\t\t\t\t\t\t<\/li>\n\t\t\t\t\t\t\t\t<li class=\"elementor-icon-list-item\">\n\t\t\t\t\t\t\t\t\t\t\t<a href=\"https:\/\/calaestudi.com\/ca\/projectes\/\">\n\n\t\t\t\t\t\t\t\t\t\t\t\t<span class=\"elementor-icon-list-icon\">\n\t\t\t\t\t\t\t<svg aria-hidden=\"true\" class=\"e-font-icon-svg e-fas-chevron-right\" viewbox=\"0 0 320 512\" xmlns=\"http:\/\/www.w3.org\/2000\/svg\"><path d=\"M285.476 272.971L91.132 467.314c-9.373 9.373-24.569 9.373-33.941 0l-22.667-22.667c-9.357-9.357-9.375-24.522-.04-33.901L188.505 256 34.484 101.255c-9.335-9.379-9.317-24.544.04-33.901l22.667-22.667c9.373-9.373 24.569-9.373 33.941 0L285.475 239.03c9.373 9.372 9.373 24.568.001 33.941z\"><\/path><\/svg>\t\t\t\t\t\t<\/span>\n\t\t\t\t\t\t\t\t\t\t<span class=\"elementor-icon-list-text\">Projectes<\/span>\n\t\t\t\t\t\t\t\t\t\t\t<\/a>\n\t\t\t\t\t\t\t\t\t<\/li>\n\t\t\t\t\t\t\t\t<li class=\"elementor-icon-list-item\">\n\t\t\t\t\t\t\t\t\t\t\t<a href=\"https:\/\/calaestudi.com\/ca\/qui-som\/\">\n\n\t\t\t\t\t\t\t\t\t\t\t\t<span class=\"elementor-icon-list-icon\">\n\t\t\t\t\t\t\t<svg aria-hidden=\"true\" class=\"e-font-icon-svg e-fas-chevron-right\" viewbox=\"0 0 320 512\" xmlns=\"http:\/\/www.w3.org\/2000\/svg\"><path d=\"M285.476 272.971L91.132 467.314c-9.373 9.373-24.569 9.373-33.941 0l-22.667-22.667c-9.357-9.357-9.375-24.522-.04-33.901L188.505 256 34.484 101.255c-9.335-9.379-9.317-24.544.04-33.901l22.667-22.667c9.373-9.373 24.569-9.373 33.941 0L285.475 239.03c9.373 9.372 9.373 24.568.001 33.941z\"><\/path><\/svg>\t\t\t\t\t\t<\/span>\n\t\t\t\t\t\t\t\t\t\t<span class=\"elementor-icon-list-text\">Estudi<\/span>\n\t\t\t\t\t\t\t\t\t\t\t<\/a>\n\t\t\t\t\t\t\t\t\t<\/li>\n\t\t\t\t\t\t<\/ul>\n\t\t\t\t\t\t<\/div>\n\t\t\t\t<\/div>\n\t\t\t\t<\/div>\n\t\t\t\t\t<\/div>\n\t\t\t\t<\/div>\n\t\t<div class=\"elementor-element elementor-element-516aa1e e-flex e-con-boxed e-con e-parent\" data-id=\"516aa1e\" data-element_type=\"container\">\n\t\t\t\t\t<div class=\"e-con-inner\">\n\t\t<div class=\"elementor-element elementor-element-f2e39f0 e-con-full e-flex e-con e-child\" data-id=\"f2e39f0\" data-element_type=\"container\">\n\t\t\t\t<div class=\"elementor-element elementor-element-9e12ca7 elementor-widget elementor-widget-heading\" data-id=\"9e12ca7\" data-element_type=\"widget\" data-widget_type=\"heading.default\">\n\t\t\t\t<div class=\"elementor-widget-container\">\n\t\t\t\t\t<h2 class=\"elementor-heading-title elementor-size-default\">Les nostres RRSS<\/h2>\t\t\t\t<\/div>\n\t\t\t\t<\/div>\n\t\t\t\t<div class=\"elementor-element elementor-element-1452989 e-grid-align-left elementor-shape-rounded elementor-grid-0 elementor-widget elementor-widget-social-icons\" data-id=\"1452989\" data-element_type=\"widget\" data-widget_type=\"social-icons.default\">\n\t\t\t\t<div class=\"elementor-widget-container\">\n\t\t\t\t\t\t\t<div class=\"elementor-social-icons-wrapper elementor-grid\" role=\"list\">\n\t\t\t\t\t\t\t<span class=\"elementor-grid-item\" role=\"listitem\">\n\t\t\t\t\t<a class=\"elementor-icon elementor-social-icon elementor-social-icon-instagram elementor-repeater-item-5bf144b\" href=\"https:\/\/www.instagram.com\/calaestudi\/\" target=\"_blank\" rel=\"noopener\">\n\t\t\t\t\t\t<span class=\"elementor-screen-only\">Instagram<\/span>\n\t\t\t\t\t\t<svg aria-hidden=\"true\" class=\"e-font-icon-svg e-fab-instagram\" viewbox=\"0 0 448 512\" xmlns=\"http:\/\/www.w3.org\/2000\/svg\"><path d=\"M224.1 141c-63.6 0-114.9 51.3-114.9 114.9s51.3 114.9 114.9 114.9S339 319.5 339 255.9 287.7 141 224.1 141zm0 189.6c-41.1 0-74.7-33.5-74.7-74.7s33.5-74.7 74.7-74.7 74.7 33.5 74.7 74.7-33.6 74.7-74.7 74.7zm146.4-194.3c0 14.9-12 26.8-26.8 26.8-14.9 0-26.8-12-26.8-26.8s12-26.8 26.8-26.8 26.8 12 26.8 26.8zm76.1 27.2c-1.7-35.9-9.9-67.7-36.2-93.9-26.2-26.2-58-34.4-93.9-36.2-37-2.1-147.9-2.1-184.9 0-35.8 1.7-67.6 9.9-93.9 36.1s-34.4 58-36.2 93.9c-2.1 37-2.1 147.9 0 184.9 1.7 35.9 9.9 67.7 36.2 93.9s58 34.4 93.9 36.2c37 2.1 147.9 2.1 184.9 0 35.9-1.7 67.7-9.9 93.9-36.2 26.2-26.2 34.4-58 36.2-93.9 2.1-37 2.1-147.8 0-184.8zM398.8 388c-7.8 19.6-22.9 34.7-42.6 42.6-29.5 11.7-99.5 9-132.1 9s-102.7 2.6-132.1-9c-19.6-7.8-34.7-22.9-42.6-42.6-11.7-29.5-9-99.5-9-132.1s-2.6-102.7 9-132.1c7.8-19.6 22.9-34.7 42.6-42.6 29.5-11.7 99.5-9 132.1-9s102.7-2.6 132.1 9c19.6 7.8 34.7 22.9 42.6 42.6 11.7 29.5 9 99.5 9 132.1s2.7 102.7-9 132.1z\"><\/path><\/svg>\t\t\t\t\t<\/a>\n\t\t\t\t<\/span>\n\t\t\t\t\t\t\t<span class=\"elementor-grid-item\" role=\"listitem\">\n\t\t\t\t\t<a class=\"elementor-icon elementor-social-icon elementor-social-icon-linkedin elementor-repeater-item-0cfb451\" href=\"https:\/\/www.linkedin.com\/company\/cala-estudi-d-arquitectura\/\" target=\"_blank\" rel=\"noopener\">\n\t\t\t\t\t\t<span class=\"elementor-screen-only\">Linkedin<\/span>\n\t\t\t\t\t\t<svg aria-hidden=\"true\" class=\"e-font-icon-svg e-fab-linkedin\" viewbox=\"0 0 448 512\" xmlns=\"http:\/\/www.w3.org\/2000\/svg\"><path d=\"M416 32H31.9C14.3 32 0 46.5 0 64.3v383.4C0 465.5 14.3 480 31.9 480H416c17.6 0 32-14.5 32-32.3V64.3c0-17.8-14.4-32.3-32-32.3zM135.4 416H69V202.2h66.5V416zm-33.2-243c-21.3 0-38.5-17.3-38.5-38.5S80.9 96 102.2 96c21.2 0 38.5 17.3 38.5 38.5 0 21.3-17.2 38.5-38.5 38.5zm282.1 243h-66.4V312c0-24.8-.5-56.7-34.5-56.7-34.6 0-39.9 27-39.9 54.9V416h-66.4V202.2h63.7v29.2h.9c8.9-16.8 30.6-34.5 62.9-34.5 67.2 0 79.7 44.3 79.7 101.9V416z\"><\/path><\/svg>\t\t\t\t\t<\/a>\n\t\t\t\t<\/span>\n\t\t\t\t\t<\/div>\n\t\t\t\t\t\t<\/div>\n\t\t\t\t<\/div>\n\t\t\t\t<\/div>\n\t\t\t\t\t<\/div>\n\t\t\t\t<\/div>\n\t\t\t\t<\/div>","protected":false},"excerpt":{"rendered":"<p>Sents que l&#039;interior de casa teva o local a Barcelona ja no et representa? Potser els espais s\u00f3n foscos, la distribuci\u00f3 \u00e9s un laberint que dificulta el teu dia a dia, o simplement somnies amb un ambient que respiri la teva ess\u00e8ncia i s&#039;adapti com un guant a la teva vida actual. \u00c9s possible [\u2026]<\/p>","protected":false},"author":2,"featured_media":1333,"comment_status":"open","ping_status":"open","sticky":false,"template":"","format":"standard","meta":{"footnotes":""},"categories":[1],"tags":[],"class_list":["post-1747","post","type-post","status-publish","format-standard","has-post-thumbnail","hentry","category-uncategorized"],"_links":{"self":[{"href":"https:\/\/calaestudi.com\/ca\/wp-json\/wp\/v2\/posts\/1747","targetHints":{"allow":["GET"]}}],"collection":[{"href":"https:\/\/calaestudi.com\/ca\/wp-json\/wp\/v2\/posts"}],"about":[{"href":"https:\/\/calaestudi.com\/ca\/wp-json\/wp\/v2\/types\/post"}],"author":[{"embeddable":true,"href":"https:\/\/calaestudi.com\/ca\/wp-json\/wp\/v2\/users\/2"}],"replies":[{"embeddable":true,"href":"https:\/\/calaestudi.com\/ca\/wp-json\/wp\/v2\/comments?post=1747"}],"version-history":[{"count":5,"href":"https:\/\/calaestudi.com\/ca\/wp-json\/wp\/v2\/posts\/1747\/revisions"}],"predecessor-version":[{"id":1785,"href":"https:\/\/calaestudi.com\/ca\/wp-json\/wp\/v2\/posts\/1747\/revisions\/1785"}],"wp:featuredmedia":[{"embeddable":true,"href":"https:\/\/calaestudi.com\/ca\/wp-json\/wp\/v2\/media\/1333"}],"wp:attachment":[{"href":"https:\/\/calaestudi.com\/ca\/wp-json\/wp\/v2\/media?parent=1747"}],"wp:term":[{"taxonomy":"category","embeddable":true,"href":"https:\/\/calaestudi.com\/ca\/wp-json\/wp\/v2\/categories?post=1747"},{"taxonomy":"post_tag","embeddable":true,"href":"https:\/\/calaestudi.com\/ca\/wp-json\/wp\/v2\/tags?post=1747"}],"curies":[{"name":"wp","href":"https:\/\/api.w.org\/{rel}","templated":true}]}}