{"id":1828,"date":"2025-10-09T10:01:57","date_gmt":"2025-10-09T10:01:57","guid":{"rendered":"https:\/\/calaestudi.com\/?p=1828"},"modified":"2025-10-27T14:16:09","modified_gmt":"2025-10-27T14:16:09","slug":"aprovechar-un-terreno-en-pendiente-maresme","status":"publish","type":"post","link":"https:\/\/calaestudi.com\/ca\/aprofitar-terreny-pendent-maresme\/","title":{"rendered":"Aprofitar un terreny en pendent a El Maresme: 5 trucs"},"content":{"rendered":"<div data-elementor-type=\"wp-post\" data-elementor-id=\"1828\" class=\"elementor elementor-1828\" data-elementor-post-type=\"post\">\n\t\t\t\t<div class=\"elementor-element elementor-element-a73b99e e-flex e-con-boxed e-con e-parent\" data-id=\"a73b99e\" data-element_type=\"container\">\n\t\t\t\t\t<div class=\"e-con-inner\">\n\t\t\t\t<div class=\"elementor-element elementor-element-bd80db5 elementor-widget elementor-widget-image\" data-id=\"bd80db5\" data-element_type=\"widget\" data-widget_type=\"image.default\">\n\t\t\t\t<div class=\"elementor-widget-container\">\n\t\t\t\t\t\t\t\t\t\t\t\t<figure class=\"wp-caption\">\n\t\t\t\t\t\t\t\t\t\t\t<a href=\"https:\/\/calaestudi.com\/ca\/https-calaestudi-com-escaletes\/\">\n\t\t\t\t\t\t\t<img fetchpriority=\"high\" decoding=\"async\" width=\"768\" height=\"1152\" src=\"https:\/\/calaestudi.com\/wp-content\/uploads\/2025\/10\/Render-exterior-768x1152.jpg\" class=\"attachment-medium_large size-medium_large wp-image-1830\" alt=\"Fa\u00e7ana de la casa Escaletes, a Sant Pol de Mar. Una casa ubicada en un terreny en pendent.\" srcset=\"https:\/\/calaestudi.com\/wp-content\/uploads\/2025\/10\/Render-exterior-768x1152.jpg 768w, https:\/\/calaestudi.com\/wp-content\/uploads\/2025\/10\/Render-exterior-200x300.jpg 200w, https:\/\/calaestudi.com\/wp-content\/uploads\/2025\/10\/Render-exterior-683x1024.jpg 683w, https:\/\/calaestudi.com\/wp-content\/uploads\/2025\/10\/Render-exterior-1024x1536.jpg 1024w, https:\/\/calaestudi.com\/wp-content\/uploads\/2025\/10\/Render-exterior-1366x2048.jpg 1366w, https:\/\/calaestudi.com\/wp-content\/uploads\/2025\/10\/Render-exterior-8x12.jpg 8w, https:\/\/calaestudi.com\/wp-content\/uploads\/2025\/10\/Render-exterior.jpg 1707w\" sizes=\"(max-width: 768px) 100vw, 768px\" \/>\t\t\t\t\t\t\t\t<\/a>\n\t\t\t\t\t\t\t\t\t\t\t<figcaption class=\"widget-image-caption wp-caption-text\">Fa\u00e7ana d&#039;Escaletes, un habitatge unifamiliar a Sant Pol de Mar<\/figcaption>\n\t\t\t\t\t\t\t\t\t\t<\/figure>\n\t\t\t\t\t\t\t\t\t<\/div>\n\t\t\t\t<\/div>\n\t\t\t\t<div class=\"elementor-element elementor-element-cdc9cce elementor-widget elementor-widget-text-editor\" data-id=\"cdc9cce\" data-element_type=\"widget\" data-widget_type=\"text-editor.default\">\n\t\t\t\t<div class=\"elementor-widget-container\">\n\t\t\t\t\t\t\t\t\t<h3><span style=\"font-weight: 600;\">cala estudi t&#039;explica 5 trucs per aprofitar al m\u00e0xim un terreny en pendent al maresme<\/span><\/h3>\t\t\t\t\t\t\t\t<\/div>\n\t\t\t\t<\/div>\n\t\t\t\t<div class=\"elementor-element elementor-element-fcd13e7 elementor-widget elementor-widget-text-editor\" data-id=\"fcd13e7\" data-element_type=\"widget\" data-widget_type=\"text-editor.default\">\n\t\t\t\t<div class=\"elementor-widget-container\">\n\t\t\t\t\t\t\t\t\t<p><span style=\"font-weight: 400; color: #030140;\">Com aprofitar un terreny pendent \u00e9s una custi\u00f3 habitual entre els clients del nostre estudi. El Maresme \u00e9s ple de parcel\u00b7les amb pendent i vistes privilegiades al mar. Construir en un terreny aix\u00ed pot semblar un repte, per\u00f2 si s&#039;aborda amb una estrat\u00e8gia arquitect\u00f2nica clara, es converteix en una oportunitat \u00fanica per crear una casa amb car\u00e0cter, connectada amb el paisatge i adaptada a la teva manera de viure.<\/span><\/p>\n<p><span style=\"font-weight: 400; color: #030140;\">Des de Cala Estudi, et compartim 5 trucs per aprofitar un terreny pendent al Maresme.<\/span><\/p>\t\t\t\t\t\t\t\t<\/div>\n\t\t\t\t<\/div>\n\t\t\t\t<div class=\"elementor-element elementor-element-ffbc517 elementor-widget elementor-widget-text-editor\" data-id=\"ffbc517\" data-element_type=\"widget\" data-widget_type=\"text-editor.default\">\n\t\t\t\t<div class=\"elementor-widget-container\">\n\t\t\t\t\t\t\t\t\t<h3><span style=\"font-weight: 600;\">1. Respectar el terreny abans de modificar-lo<\/span><\/h3>\t\t\t\t\t\t\t\t<\/div>\n\t\t\t\t<\/div>\n\t\t\t\t<div class=\"elementor-element elementor-element-2357f4d elementor-widget elementor-widget-text-editor\" data-id=\"2357f4d\" data-element_type=\"widget\" data-widget_type=\"text-editor.default\">\n\t\t\t\t<div class=\"elementor-widget-container\">\n\t\t\t\t\t\t\t\t\t<p><span style=\"font-weight: 400; color: #030140;\">El primer \u00e9s observar. Entendre la topografia existent, la direcci\u00f3 del sol, els accessos naturals i les vistes. Sempre que \u00e9s possible, prioritzem integrar-nos al terreny abans que modificar-lo dr\u00e0sticament. Aix\u00f2 permet reduir limpacte visual, optimitzar recursos i establir una relaci\u00f3 m\u00e9s natural amb lentorn.<\/span><\/p>\t\t\t\t\t\t\t\t<\/div>\n\t\t\t\t<\/div>\n\t\t\t\t<div class=\"elementor-element elementor-element-af6bb41 elementor-widget elementor-widget-image\" data-id=\"af6bb41\" data-element_type=\"widget\" data-widget_type=\"image.default\">\n\t\t\t\t<div class=\"elementor-widget-container\">\n\t\t\t\t\t\t\t\t\t\t\t\t<figure class=\"wp-caption\">\n\t\t\t\t\t\t\t\t\t\t\t<a href=\"https:\/\/calaestudi.com\/ca\/https-calaestudi-com-escaletes\/\">\n\t\t\t\t\t\t\t<img decoding=\"async\" width=\"800\" height=\"600\" src=\"https:\/\/calaestudi.com\/wp-content\/uploads\/2025\/10\/Excavacion-Sant-Pol-de-Mar-1-Escaletes-1024x768.jpg\" class=\"attachment-large size-large wp-image-1831\" alt=\"\" srcset=\"https:\/\/calaestudi.com\/wp-content\/uploads\/2025\/10\/Excavacion-Sant-Pol-de-Mar-1-Escaletes-1024x768.jpg 1024w, https:\/\/calaestudi.com\/wp-content\/uploads\/2025\/10\/Excavacion-Sant-Pol-de-Mar-1-Escaletes-300x225.jpg 300w, https:\/\/calaestudi.com\/wp-content\/uploads\/2025\/10\/Excavacion-Sant-Pol-de-Mar-1-Escaletes-768x576.jpg 768w, https:\/\/calaestudi.com\/wp-content\/uploads\/2025\/10\/Excavacion-Sant-Pol-de-Mar-1-Escaletes-1536x1152.jpg 1536w, https:\/\/calaestudi.com\/wp-content\/uploads\/2025\/10\/Excavacion-Sant-Pol-de-Mar-1-Escaletes-2048x1536.jpg 2048w, https:\/\/calaestudi.com\/wp-content\/uploads\/2025\/10\/Excavacion-Sant-Pol-de-Mar-1-Escaletes-16x12.jpg 16w\" sizes=\"(max-width: 800px) 100vw, 800px\" \/>\t\t\t\t\t\t\t\t<\/a>\n\t\t\t\t\t\t\t\t\t\t\t<figcaption class=\"widget-image-caption wp-caption-text\">Excavaci\u00f3 per aprofitar el terreny en pendent del projecte Escaletes, a Sant Pol de Mar<\/figcaption>\n\t\t\t\t\t\t\t\t\t\t<\/figure>\n\t\t\t\t\t\t\t\t\t<\/div>\n\t\t\t\t<\/div>\n\t\t\t\t<div class=\"elementor-element elementor-element-fbc5e0a elementor-widget elementor-widget-text-editor\" data-id=\"fbc5e0a\" data-element_type=\"widget\" data-widget_type=\"text-editor.default\">\n\t\t\t\t<div class=\"elementor-widget-container\">\n\t\t\t\t\t\t\t\t\t<h3><span style=\"font-weight: 600;\">2. Distribuir segons el pendent<\/span><\/h3>\t\t\t\t\t\t\t\t<\/div>\n\t\t\t\t<\/div>\n\t\t\t\t<div class=\"elementor-element elementor-element-4093d5d elementor-widget elementor-widget-text-editor\" data-id=\"4093d5d\" data-element_type=\"widget\" data-widget_type=\"text-editor.default\">\n\t\t\t\t<div class=\"elementor-widget-container\">\n\t\t\t\t\t\t\t\t\t<p><span style=\"font-weight: 400; color: #030140;\">Una casa pendent permet jugar amb els nivells per adaptar-se al desnivell del terreny. Aix\u00f2 pot donar lloc a seccions escalonades, plantes fragmentades o recorreguts que acompanyen la baixada natural. En lloc de for\u00e7ar una estructura plana, larquitectura pot dialogar amb la inclinaci\u00f3 i convertir-la en part de lexperi\u00e8ncia espacial.<\/span><\/p>\t\t\t\t\t\t\t\t<\/div>\n\t\t\t\t<\/div>\n\t\t\t\t<div class=\"elementor-element elementor-element-b7d183c elementor-widget elementor-widget-text-editor\" data-id=\"b7d183c\" data-element_type=\"widget\" data-widget_type=\"text-editor.default\">\n\t\t\t\t<div class=\"elementor-widget-container\">\n\t\t\t\t\t\t\t\t\t<h3><span style=\"font-weight: 600;\">3. Ubicar b\u00e9 l&#039;acc\u00e9s i l&#039;aparcament<\/span><\/h3>\t\t\t\t\t\t\t\t<\/div>\n\t\t\t\t<\/div>\n\t\t\t\t<div class=\"elementor-element elementor-element-aeaf705 elementor-widget elementor-widget-image\" data-id=\"aeaf705\" data-element_type=\"widget\" data-widget_type=\"image.default\">\n\t\t\t\t<div class=\"elementor-widget-container\">\n\t\t\t\t\t\t\t\t\t\t\t\t<figure class=\"wp-caption\">\n\t\t\t\t\t\t\t\t\t\t\t<a href=\"https:\/\/calaestudi.com\/ca\/https-calaestudi-com-escaletes\/\">\n\t\t\t\t\t\t\t<img decoding=\"async\" width=\"800\" height=\"534\" src=\"https:\/\/calaestudi.com\/wp-content\/uploads\/2025\/10\/Render-Exterior-Sant-Pol-de-Mar-Escaletes-1024x683.jpg\" class=\"attachment-large size-large wp-image-1838\" alt=\"\" srcset=\"https:\/\/calaestudi.com\/wp-content\/uploads\/2025\/10\/Render-Exterior-Sant-Pol-de-Mar-Escaletes-1024x683.jpg 1024w, https:\/\/calaestudi.com\/wp-content\/uploads\/2025\/10\/Render-Exterior-Sant-Pol-de-Mar-Escaletes-300x200.jpg 300w, https:\/\/calaestudi.com\/wp-content\/uploads\/2025\/10\/Render-Exterior-Sant-Pol-de-Mar-Escaletes-768x512.jpg 768w, https:\/\/calaestudi.com\/wp-content\/uploads\/2025\/10\/Render-Exterior-Sant-Pol-de-Mar-Escaletes-1536x1024.jpg 1536w, https:\/\/calaestudi.com\/wp-content\/uploads\/2025\/10\/Render-Exterior-Sant-Pol-de-Mar-Escaletes-2048x1365.jpg 2048w, https:\/\/calaestudi.com\/wp-content\/uploads\/2025\/10\/Render-Exterior-Sant-Pol-de-Mar-Escaletes-18x12.jpg 18w\" sizes=\"(max-width: 800px) 100vw, 800px\" \/>\t\t\t\t\t\t\t\t<\/a>\n\t\t\t\t\t\t\t\t\t\t\t<figcaption class=\"widget-image-caption wp-caption-text\">Aparcament d&#039;Escaletes, a Sant Pol de Mar<\/figcaption>\n\t\t\t\t\t\t\t\t\t\t<\/figure>\n\t\t\t\t\t\t\t\t\t<\/div>\n\t\t\t\t<\/div>\n\t\t\t\t<div class=\"elementor-element elementor-element-ad256ad elementor-widget elementor-widget-text-editor\" data-id=\"ad256ad\" data-element_type=\"widget\" data-widget_type=\"text-editor.default\">\n\t\t\t\t<div class=\"elementor-widget-container\">\n\t\t\t\t\t\t\t\t\t<p><span style=\"color: #030140;\"><span style=\"font-weight: 400;\">A terrenys inclinats, l&#039;acc\u00e9s i la ubicaci\u00f3 del garatge s\u00f3n decisions estructurals. Sovint, el m\u00e9s funcional \u00e9s situar l&#039;aparcament a la part alta de la parcel\u00b7la deixant la resta del terreny lliure per a l&#039;habitatge i els espais exteriors. Al projecte <\/span><span style=\"text-decoration: underline;\"><a style=\"color: #030140;\" href=\"https:\/\/calaestudi.com\/ca\/https-calaestudi-com-escaletes\/\"><b>Escalets<\/b><\/a><\/span><span style=\"font-weight: 400;\">, per exemple, el garatge es va resoldre de forma soterrada, alliberant el jard\u00ed i millorant la relaci\u00f3 visual amb el mar. Si vols veure m\u00e9s sobre aquest projecte, <a href=\"https:\/\/www.instagram.com\/reel\/DOJBjE1COWk\/?utm_source=ig_web_copy_link&amp;igsh=MzRlODBiNWFlZA==\" target=\"_blank\" rel=\"noopener\"><span style=\"text-decoration: underline;\">aqu\u00ed.<\/span><\/a><\/span><\/span><\/p>\t\t\t\t\t\t\t\t<\/div>\n\t\t\t\t<\/div>\n\t\t\t\t<div class=\"elementor-element elementor-element-ccc07b2 elementor-widget elementor-widget-text-editor\" data-id=\"ccc07b2\" data-element_type=\"widget\" data-widget_type=\"text-editor.default\">\n\t\t\t\t<div class=\"elementor-widget-container\">\n\t\t\t\t\t\t\t\t\t<h3><span style=\"font-weight: 600;\">4. Obrir les vistes sense perdre intimitat<\/span><\/h3>\t\t\t\t\t\t\t\t<\/div>\n\t\t\t\t<\/div>\n\t\t\t\t<div class=\"elementor-element elementor-element-b608658 elementor-widget elementor-widget-text-editor\" data-id=\"b608658\" data-element_type=\"widget\" data-widget_type=\"text-editor.default\">\n\t\t\t\t<div class=\"elementor-widget-container\">\n\t\t\t\t\t\t\t\t\t<p><span style=\"font-weight: 400; color: #030140;\">Les vistes s\u00f3n un dels grans valors d&#039;aquest tipus de parcel\u00b7les, per\u00f2 tamb\u00e9 ho \u00e9s la privadesa. Cada projecte requereix un equilibri. Per aix\u00f2 explorem solucions a mida: des de com es distribueixen els espais fins a com s&#039;emmarquen les obertures, per aconseguir aquest punt exacte entre obertura i recolliment.<\/span><\/p>\t\t\t\t\t\t\t\t<\/div>\n\t\t\t\t<\/div>\n\t\t\t\t<div class=\"elementor-element elementor-element-8da4545 elementor-widget elementor-widget-image\" data-id=\"8da4545\" data-element_type=\"widget\" data-widget_type=\"image.default\">\n\t\t\t\t<div class=\"elementor-widget-container\">\n\t\t\t\t\t\t\t\t\t\t\t\t<figure class=\"wp-caption\">\n\t\t\t\t\t\t\t\t\t\t\t<a href=\"https:\/\/calaestudi.com\/ca\/https-calaestudi-com-escaletes\/\">\n\t\t\t\t\t\t\t<img loading=\"lazy\" decoding=\"async\" width=\"800\" height=\"534\" src=\"https:\/\/calaestudi.com\/wp-content\/uploads\/2025\/10\/Render-salon-1024x683.png\" class=\"attachment-large size-large wp-image-1794\" alt=\"Sal\u00f3 modern a Escaletes, una obra nova a Sant Pol de Mar amb sof\u00e0s color crema i una gran prestatgeria a la paret de tons clars.\" srcset=\"https:\/\/calaestudi.com\/wp-content\/uploads\/2025\/10\/Render-salon-1024x683.png 1024w, https:\/\/calaestudi.com\/wp-content\/uploads\/2025\/10\/Render-salon-300x200.png 300w, https:\/\/calaestudi.com\/wp-content\/uploads\/2025\/10\/Render-salon-768x512.png 768w, https:\/\/calaestudi.com\/wp-content\/uploads\/2025\/10\/Render-salon-1536x1024.png 1536w, https:\/\/calaestudi.com\/wp-content\/uploads\/2025\/10\/Render-salon-18x12.png 18w, https:\/\/calaestudi.com\/wp-content\/uploads\/2025\/10\/Render-salon.png 1881w\" sizes=\"(max-width: 800px) 100vw, 800px\" \/>\t\t\t\t\t\t\t\t<\/a>\n\t\t\t\t\t\t\t\t\t\t\t<figcaption class=\"widget-image-caption wp-caption-text\">Sal\u00f3 de vidre d&#039;Escaletes, a Sant Pol de Mar<\/figcaption>\n\t\t\t\t\t\t\t\t\t\t<\/figure>\n\t\t\t\t\t\t\t\t\t<\/div>\n\t\t\t\t<\/div>\n\t\t\t\t<div class=\"elementor-element elementor-element-9467c18 elementor-widget elementor-widget-text-editor\" data-id=\"9467c18\" data-element_type=\"widget\" data-widget_type=\"text-editor.default\">\n\t\t\t\t<div class=\"elementor-widget-container\">\n\t\t\t\t\t\t\t\t\t<h3><span style=\"font-weight: 600;\">5. Acompanyar el paisatge amb materials i vegetaci\u00f3<\/span><\/h3>\t\t\t\t\t\t\t\t<\/div>\n\t\t\t\t<\/div>\n\t\t\t\t<div class=\"elementor-element elementor-element-ff550e5 elementor-widget elementor-widget-text-editor\" data-id=\"ff550e5\" data-element_type=\"widget\" data-widget_type=\"text-editor.default\">\n\t\t\t\t<div class=\"elementor-widget-container\">\n\t\t\t\t\t\t\t\t\t<p dir=\"ltr\" style=\"line-height: 1.38; text-align: justify; margin-top: 12pt; margin-bottom: 12pt;\"><span style=\"font-size: 11pt; font-family: 'Work Sans', sans-serif; color: #030140; background-color: transparent; font-weight: 400; font-style: normal; font-variant: normal; text-decoration: none; vertical-align: baseline; white-space: pre-wrap;\">En lloc d&#039;imposar-se a l&#039;entorn, busquem que l&#039;arquitectura hi dialogui. A trav\u00e9s de decisions de disseny \u2014com com es recolza la casa al terreny, com es relaciona amb el jard\u00ed o quin tipus de vegetaci\u00f3 acompanya l&#039;habitatge\u2014 cada casa es construeix amb sensibilitat cap al lloc, sense renunciar a la identitat de qui l&#039;habita.<\/span><\/p>\t\t\t\t\t\t\t\t<\/div>\n\t\t\t\t<\/div>\n\t\t\t\t<div class=\"elementor-element elementor-element-2722ccd elementor-widget elementor-widget-text-editor\" data-id=\"2722ccd\" data-element_type=\"widget\" data-widget_type=\"text-editor.default\">\n\t\t\t\t<div class=\"elementor-widget-container\">\n\t\t\t\t\t\t\t\t\t<p><span style=\"color: #030140;\"><span style=\"font-weight: 600;\">Tens una parcel\u00b7la amb pendent i est\u00e0s pensant a construir casa teva?<\/span><span style=\"font-weight: 600;\"><br \/><\/span><\/span><\/p>\t\t\t\t\t\t\t\t<\/div>\n\t\t\t\t<\/div>\n\t\t\t\t<div class=\"elementor-element elementor-element-97662b3 elementor-widget elementor-widget-text-editor\" data-id=\"97662b3\" data-element_type=\"widget\" data-widget_type=\"text-editor.default\">\n\t\t\t\t<div class=\"elementor-widget-container\">\n\t\t\t\t\t\t\t\t\t<p><span style=\"color: #030140;\"><span style=\"font-weight: 400;\">\u00a0A Cala Estudi us acompanyem perqu\u00e8 cada decisi\u00f3 sumi al conjunt.<\/span><span style=\"font-weight: 400;\"><br \/><\/span><span style=\"font-weight: 400;\"> \ud83d\udc49 Descubre <a href=\"https:\/\/calaestudi.com\/ca\/projectes\/\"><strong><span style=\"text-decoration: underline;\">els nostres projectes<\/span><\/strong><\/a> o<a href=\"https:\/\/calaestudi.com\/ca\/contacte\/\"><strong> <span style=\"text-decoration: underline;\">contacta amb nosaltres<\/span><\/strong><\/a> per explicar-nos la teva idea.<\/span><\/span><\/p>\t\t\t\t\t\t\t\t<\/div>\n\t\t\t\t<\/div>\n\t\t\t\t\t<\/div>\n\t\t\t\t<\/div>\n\t\t<div class=\"elementor-element elementor-element-9661b78 e-flex e-con-boxed e-con e-parent\" data-id=\"9661b78\" data-element_type=\"container\">\n\t\t\t\t\t<div class=\"e-con-inner\">\n\t\t\t\t<div class=\"elementor-element elementor-element-6ef348e elementor-posts--align-left elementor-grid-3 elementor-grid-tablet-2 elementor-grid-mobile-1 elementor-posts--thumbnail-top elementor-widget elementor-widget-posts\" data-id=\"6ef348e\" data-element_type=\"widget\" data-settings=\"{&quot;classic_columns&quot;:&quot;3&quot;,&quot;classic_columns_tablet&quot;:&quot;2&quot;,&quot;classic_columns_mobile&quot;:&quot;1&quot;,&quot;classic_row_gap&quot;:{&quot;unit&quot;:&quot;px&quot;,&quot;size&quot;:35,&quot;sizes&quot;:[]},&quot;classic_row_gap_tablet&quot;:{&quot;unit&quot;:&quot;px&quot;,&quot;size&quot;:&quot;&quot;,&quot;sizes&quot;:[]},&quot;classic_row_gap_mobile&quot;:{&quot;unit&quot;:&quot;px&quot;,&quot;size&quot;:&quot;&quot;,&quot;sizes&quot;:[]}}\" data-widget_type=\"posts.classic\">\n\t\t\t\t<div class=\"elementor-widget-container\">\n\t\t\t\t\t\t\t<div class=\"elementor-posts-container elementor-posts elementor-posts--skin-classic elementor-grid\" role=\"list\">\n\t\t\t\t<article class=\"elementor-post elementor-grid-item post-3368 post type-post status-publish format-standard has-post-thumbnail hentry category-uncategorized\" role=\"listitem\">\n\t\t\t\t<a class=\"elementor-post__thumbnail__link\" href=\"https:\/\/calaestudi.com\/ca\/que-inclou-la-feina-dun-arquitecte\/\" tabindex=\"-1\">\n\t\t\t<div class=\"elementor-post__thumbnail\"><img loading=\"lazy\" decoding=\"async\" width=\"300\" height=\"169\" src=\"https:\/\/calaestudi.com\/wp-content\/uploads\/2025\/12\/cala-estudi_escaletes-sant-pol-de-mar_dormitorio-ventanales-acristalados-300x169.jpg\" class=\"attachment-medium size-medium wp-image-2806\" alt=\"Qu\u00e8 inclou la feina d&#039;un arquitecte per a una casa unifamiliar al Maresme\" srcset=\"https:\/\/calaestudi.com\/wp-content\/uploads\/2025\/12\/cala-estudi_escaletes-sant-pol-de-mar_dormitorio-ventanales-acristalados-300x169.jpg 300w, https:\/\/calaestudi.com\/wp-content\/uploads\/2025\/12\/cala-estudi_escaletes-sant-pol-de-mar_dormitorio-ventanales-acristalados-768x432.jpg 768w, https:\/\/calaestudi.com\/wp-content\/uploads\/2025\/12\/cala-estudi_escaletes-sant-pol-de-mar_dormitorio-ventanales-acristalados-18x10.jpg 18w, https:\/\/calaestudi.com\/wp-content\/uploads\/2025\/12\/cala-estudi_escaletes-sant-pol-de-mar_dormitorio-ventanales-acristalados.jpg 1024w\" sizes=\"(max-width: 300px) 100vw, 300px\" \/><\/div>\n\t\t<\/a>\n\t\t\t\t<div class=\"elementor-post__text\">\n\t\t\t\t<h3 class=\"elementor-post__title\">\n\t\t\t<a href=\"https:\/\/calaestudi.com\/ca\/que-inclou-la-feina-dun-arquitecte\/\">\n\t\t\t\tQu\u00e8 inclou el treball d?un arquitecte per a una casa unifamiliar al Maresme | Cala Estudi\t\t\t<\/a>\n\t\t<\/h3>\n\t\t\t\t<div class=\"elementor-post__excerpt\">\n\t\t\t<p>Qu\u00e8 inclou la feina d&#039;un arquitecte per a una casa unifamiliar al Maresme?  Quan alg\u00fa diu \u201cnecessito un arquitecte\u201d, moltes vegades nom\u00e9s pensa en el disseny. Per\u00f2\u2026 qu\u00e8 inclou la feina d&#039;un arquitecte realment? En realitat, la feina comen\u00e7a abans de dibuixar i continua fins a l&#039;obra.<\/p>\n\t\t<\/div>\n\t\t\n\t\t<a class=\"elementor-post__read-more\" href=\"https:\/\/calaestudi.com\/ca\/que-inclou-la-feina-dun-arquitecte\/\" aria-label=\"Read more about Qu\u00e9 incluye el trabajo de un arquitecto para una casa unifamiliar en el Maresme | Cala Estudi\" tabindex=\"-1\">\n\t\t\tRead More \u00bb\t\t<\/a>\n\n\t\t\t\t<\/div>\n\t\t\t\t<\/article>\n\t\t\t\t<article class=\"elementor-post elementor-grid-item post-3356 post type-post status-publish format-standard has-post-thumbnail hentry category-uncategorized\" role=\"listitem\">\n\t\t\t\t<a class=\"elementor-post__thumbnail__link\" href=\"https:\/\/calaestudi.com\/ca\/proces-per-construir-una-casa-al-maresme\/\" tabindex=\"-1\">\n\t\t\t<div class=\"elementor-post__thumbnail\"><img loading=\"lazy\" decoding=\"async\" width=\"300\" height=\"200\" src=\"https:\/\/calaestudi.com\/wp-content\/uploads\/2025\/04\/3-300x200.png\" class=\"attachment-medium size-medium wp-image-1110\" alt=\"proc\u00e9s per construir una casa al Maresme\" srcset=\"https:\/\/calaestudi.com\/wp-content\/uploads\/2025\/04\/3-300x200.png 300w, https:\/\/calaestudi.com\/wp-content\/uploads\/2025\/04\/3-1024x683.png 1024w, https:\/\/calaestudi.com\/wp-content\/uploads\/2025\/04\/3-768x512.png 768w, https:\/\/calaestudi.com\/wp-content\/uploads\/2025\/04\/3-1536x1024.png 1536w, https:\/\/calaestudi.com\/wp-content\/uploads\/2025\/04\/3-18x12.png 18w, https:\/\/calaestudi.com\/wp-content\/uploads\/2025\/04\/3.png 1881w\" sizes=\"(max-width: 300px) 100vw, 300px\" \/><\/div>\n\t\t<\/a>\n\t\t\t\t<div class=\"elementor-post__text\">\n\t\t\t\t<h3 class=\"elementor-post__title\">\n\t\t\t<a href=\"https:\/\/calaestudi.com\/ca\/proces-per-construir-una-casa-al-maresme\/\">\n\t\t\t\tProc\u00e9s per construir una casa al Maresme: fases i temps | Cala Estudi\t\t\t<\/a>\n\t\t<\/h3>\n\t\t\t\t<div class=\"elementor-post__excerpt\">\n\t\t\t<p>Proc\u00e9s per construir una casa al Maresme: fases, temps i decisions clau Construir una casa al Maresme no \u00e9s nom\u00e9s dissenyar un habitatge bonic: \u00e9s coordinar normativa, pressupost, decisions t\u00e8cniques i obra, en un ordre concret per evitar retards i sobrecostos. Per aix\u00f2, entendre el proc\u00e9s des del<\/p>\n\t\t<\/div>\n\t\t\n\t\t<a class=\"elementor-post__read-more\" href=\"https:\/\/calaestudi.com\/ca\/proces-per-construir-una-casa-al-maresme\/\" aria-label=\"Read more about Proceso para construir una casa en el Maresme: fases y tiempos | Cala Estudi\" tabindex=\"-1\">\n\t\t\tRead More \u00bb\t\t<\/a>\n\n\t\t\t\t<\/div>\n\t\t\t\t<\/article>\n\t\t\t\t<article class=\"elementor-post elementor-grid-item post-3336 post type-post status-publish format-standard hentry category-uncategorized\" role=\"listitem\">\n\t\t\t\t<div class=\"elementor-post__text\">\n\t\t\t\t<h3 class=\"elementor-post__title\">\n\t\t\t<a href=\"https:\/\/calaestudi.com\/ca\/comprar-un-terreny-al-maresme\/\">\n\t\t\t\tComprar un terreny al Maresme: qu\u00e8 cal revisar abans de construir | Cala Estudi\t\t\t<\/a>\n\t\t<\/h3>\n\t\t\t\t<div class=\"elementor-post__excerpt\">\n\t\t\t<p>Comprar un terreny al Maresme: qu\u00e8 ha de revisar un arquitecte abans de construir Comprar un terreny al Maresme pot ser el primer pas per construir una casa a mida\u2026 o una decisi\u00f3 que surt cara si la parcel\u00b7la t\u00e9 limitacions ocultes. Encara que un anunci digui \u201cedificable\u201d, aix\u00f2 no<\/p>\n\t\t<\/div>\n\t\t\n\t\t<a class=\"elementor-post__read-more\" href=\"https:\/\/calaestudi.com\/ca\/comprar-un-terreny-al-maresme\/\" aria-label=\"Read more about Comprar un terreno en el Maresme: qu\u00e9 revisar antes de construir | Cala Estudi\" tabindex=\"-1\">\n\t\t\tRead More \u00bb\t\t<\/a>\n\n\t\t\t\t<\/div>\n\t\t\t\t<\/article>\n\t\t\t\t<\/div>\n\t\t\n\t\t\t\t\t\t<\/div>\n\t\t\t\t<\/div>\n\t\t\t\t\t<\/div>\n\t\t\t\t<\/div>\n\t\t\t\t<\/div>","protected":false},"excerpt":{"rendered":"<p>Fa\u00e7ana d&#039;Escaletes, un habitatge unifamiliar a Sant Pol de Mar cala estudi t&#039;explica 5 trucs per aprofitar al m\u00e0xim un terreny en pendent al maresme Com aprofitar un terreny en pendent \u00e9s una custi\u00f3 habitual entre els clients del nostre estudi. El Maresme \u00e9s ple de parcel\u00b7les amb pendent i vistes privilegiades [\u2026]<\/p>","protected":false},"author":2,"featured_media":1830,"comment_status":"open","ping_status":"open","sticky":false,"template":"","format":"standard","meta":{"footnotes":""},"categories":[1],"tags":[],"class_list":["post-1828","post","type-post","status-publish","format-standard","has-post-thumbnail","hentry","category-uncategorized"],"_links":{"self":[{"href":"https:\/\/calaestudi.com\/ca\/wp-json\/wp\/v2\/posts\/1828","targetHints":{"allow":["GET"]}}],"collection":[{"href":"https:\/\/calaestudi.com\/ca\/wp-json\/wp\/v2\/posts"}],"about":[{"href":"https:\/\/calaestudi.com\/ca\/wp-json\/wp\/v2\/types\/post"}],"author":[{"embeddable":true,"href":"https:\/\/calaestudi.com\/ca\/wp-json\/wp\/v2\/users\/2"}],"replies":[{"embeddable":true,"href":"https:\/\/calaestudi.com\/ca\/wp-json\/wp\/v2\/comments?post=1828"}],"version-history":[{"count":31,"href":"https:\/\/calaestudi.com\/ca\/wp-json\/wp\/v2\/posts\/1828\/revisions"}],"predecessor-version":[{"id":1975,"href":"https:\/\/calaestudi.com\/ca\/wp-json\/wp\/v2\/posts\/1828\/revisions\/1975"}],"wp:featuredmedia":[{"embeddable":true,"href":"https:\/\/calaestudi.com\/ca\/wp-json\/wp\/v2\/media\/1830"}],"wp:attachment":[{"href":"https:\/\/calaestudi.com\/ca\/wp-json\/wp\/v2\/media?parent=1828"}],"wp:term":[{"taxonomy":"category","embeddable":true,"href":"https:\/\/calaestudi.com\/ca\/wp-json\/wp\/v2\/categories?post=1828"},{"taxonomy":"post_tag","embeddable":true,"href":"https:\/\/calaestudi.com\/ca\/wp-json\/wp\/v2\/tags?post=1828"}],"curies":[{"name":"wp","href":"https:\/\/api.w.org\/{rel}","templated":true}]}}