{"id":1863,"date":"2025-10-16T08:30:05","date_gmt":"2025-10-16T08:30:05","guid":{"rendered":"https:\/\/calaestudi.com\/?p=1863"},"modified":"2025-10-27T13:49:22","modified_gmt":"2025-10-27T13:49:22","slug":"la-mejor-orientacion-para-una-casa-en-el-maresme","status":"publish","type":"post","link":"https:\/\/calaestudi.com\/ca\/la-millor-orientacio-per-a-una-casa-al-maresme\/","title":{"rendered":"La millor orientaci\u00f3 per a una casa al Maresme: 4 consells"},"content":{"rendered":"<div data-elementor-type=\"wp-post\" data-elementor-id=\"1863\" class=\"elementor elementor-1863\" data-elementor-post-type=\"post\">\n\t\t\t\t<div class=\"elementor-element elementor-element-a73b99e e-flex e-con-boxed e-con e-parent\" data-id=\"a73b99e\" data-element_type=\"container\">\n\t\t\t\t\t<div class=\"e-con-inner\">\n\t\t\t\t<div class=\"elementor-element elementor-element-bd80db5 elementor-widget elementor-widget-image\" data-id=\"bd80db5\" data-element_type=\"widget\" data-widget_type=\"image.default\">\n\t\t\t\t<div class=\"elementor-widget-container\">\n\t\t\t\t\t\t\t\t\t\t\t\t<figure class=\"wp-caption\">\n\t\t\t\t\t\t\t\t\t\t\t<a href=\"https:\/\/calaestudi.com\/ca\/https-calaestudi-com-escaletes\/\">\n\t\t\t\t\t\t\t<img fetchpriority=\"high\" decoding=\"async\" width=\"768\" height=\"603\" src=\"https:\/\/calaestudi.com\/wp-content\/uploads\/2025\/10\/Render-habitacion-768x603.png\" class=\"attachment-medium_large size-medium_large wp-image-1795\" alt=\"La millor orientaci\u00f3 d\u00b4una casa al Maresme. Dormitori de la casa Escaletes, a Sant Pol de Mar, amb llit doble i terres de fusta emmarcats per un ampli finestral.\" srcset=\"https:\/\/calaestudi.com\/wp-content\/uploads\/2025\/10\/Render-habitacion-768x603.png 768w, https:\/\/calaestudi.com\/wp-content\/uploads\/2025\/10\/Render-habitacion-300x236.png 300w, https:\/\/calaestudi.com\/wp-content\/uploads\/2025\/10\/Render-habitacion-15x12.png 15w, https:\/\/calaestudi.com\/wp-content\/uploads\/2025\/10\/Render-habitacion.png 1024w\" sizes=\"(max-width: 768px) 100vw, 768px\" \/>\t\t\t\t\t\t\t\t<\/a>\n\t\t\t\t\t\t\t\t\t\t\t<figcaption class=\"widget-image-caption wp-caption-text\">Suite principal de la casa Escaletes, a Sant Pol de Mar<\/figcaption>\n\t\t\t\t\t\t\t\t\t\t<\/figure>\n\t\t\t\t\t\t\t\t\t<\/div>\n\t\t\t\t<\/div>\n\t\t\t\t<div class=\"elementor-element elementor-element-207823c elementor-widget elementor-widget-text-editor\" data-id=\"207823c\" data-element_type=\"widget\" data-widget_type=\"text-editor.default\">\n\t\t\t\t<div class=\"elementor-widget-container\">\n\t\t\t\t\t\t\t\t\t<h3><b>Quina \u00e9s la millor orientaci\u00f3 per a una casa al maresme?<\/b><\/h3>\t\t\t\t\t\t\t\t<\/div>\n\t\t\t\t<\/div>\n\t\t\t\t<div class=\"elementor-element elementor-element-fcd13e7 elementor-widget elementor-widget-text-editor\" data-id=\"fcd13e7\" data-element_type=\"widget\" data-widget_type=\"text-editor.default\">\n\t\t\t\t<div class=\"elementor-widget-container\">\n\t\t\t\t\t\t\t\t\t<p><span style=\"font-weight: 400; color: #030140;\">\u00c9s una pregunta que es repeteix molt entre els nostres clients. Al Maresme, cada parcel\u00b7la \u00e9s una oportunitat diferent: unes miren al mar, altres s&#039;obren al bosc, algunes gaudeixen del sol tot el dia i d&#039;altres el reben de manera m\u00e9s puntual. Saber com orientar un habitatge en aquest paisatge no \u00e9s una f\u00f3rmula fixa, sin\u00f3 una decisi\u00f3 arquitect\u00f2nica que pot transformar completament l&#039;experi\u00e8ncia d&#039;habitar-lo.<\/span><\/p><p><span style=\"font-weight: 400; color: #030140;\">Des de Cala Estudi, compartim algunes claus que tenim en compte quan projectem a la costa oa l&#039;interior del Maresme.<\/span><\/p>\t\t\t\t\t\t\t\t<\/div>\n\t\t\t\t<\/div>\n\t\t\t\t<div class=\"elementor-element elementor-element-ffbc517 elementor-widget elementor-widget-text-editor\" data-id=\"ffbc517\" data-element_type=\"widget\" data-widget_type=\"text-editor.default\">\n\t\t\t\t<div class=\"elementor-widget-container\">\n\t\t\t\t\t\t\t\t\t<h3><b>1. Entendre el paisatge abans de tra\u00e7ar una l\u00ednia<\/b><\/h3>\t\t\t\t\t\t\t\t<\/div>\n\t\t\t\t<\/div>\n\t\t\t\t<div class=\"elementor-element elementor-element-2357f4d elementor-widget elementor-widget-text-editor\" data-id=\"2357f4d\" data-element_type=\"widget\" data-widget_type=\"text-editor.default\">\n\t\t\t\t<div class=\"elementor-widget-container\">\n\t\t\t\t\t\t\t\t\t<p><span style=\"color: #030140;\"><span style=\"font-weight: 400;\">Abans de projectar qualsevol volum, el primer \u00e9s <\/span><b>mirar<\/b><span style=\"font-weight: 400;\">: qu\u00e8 es veu des de cada punt de la parcel\u00b7la, com es mou el sol durant el dia, on s\u00f3n les visuals m\u00e9s llargues, les zones m\u00e9s \u00edntimes o les ombres naturals.<\/span><\/span><\/p><p><span style=\"font-weight: 400; color: #030140;\">Aprofitar les vistes no vol dir obrir totes les fa\u00e7anes, sin\u00f3 triar qu\u00e8 mostrar, com emmarcar-ho i quan deixar que el paisatge aparegui per sorpresa.<\/span><\/p>\t\t\t\t\t\t\t\t<\/div>\n\t\t\t\t<\/div>\n\t\t\t\t<div class=\"elementor-element elementor-element-af6bb41 elementor-widget elementor-widget-image\" data-id=\"af6bb41\" data-element_type=\"widget\" data-widget_type=\"image.default\">\n\t\t\t\t<div class=\"elementor-widget-container\">\n\t\t\t\t\t\t\t\t\t\t\t\t<figure class=\"wp-caption\">\n\t\t\t\t\t\t\t\t\t\t\t<a href=\"https:\/\/calaestudi.com\/ca\/https-calaestudi-com-escaletes\/\">\n\t\t\t\t\t\t\t<img decoding=\"async\" width=\"800\" height=\"534\" src=\"https:\/\/calaestudi.com\/wp-content\/uploads\/2025\/10\/cala-estudi_escaletes-sant-pol-de-mar_salon-acrisladado-1024x683.png\" class=\"attachment-large size-large wp-image-1865\" alt=\"Arquitecte al Maresme.\" srcset=\"https:\/\/calaestudi.com\/wp-content\/uploads\/2025\/10\/cala-estudi_escaletes-sant-pol-de-mar_salon-acrisladado-1024x683.png 1024w, https:\/\/calaestudi.com\/wp-content\/uploads\/2025\/10\/cala-estudi_escaletes-sant-pol-de-mar_salon-acrisladado-300x200.png 300w, https:\/\/calaestudi.com\/wp-content\/uploads\/2025\/10\/cala-estudi_escaletes-sant-pol-de-mar_salon-acrisladado-768x512.png 768w, https:\/\/calaestudi.com\/wp-content\/uploads\/2025\/10\/cala-estudi_escaletes-sant-pol-de-mar_salon-acrisladado-1536x1024.png 1536w, https:\/\/calaestudi.com\/wp-content\/uploads\/2025\/10\/cala-estudi_escaletes-sant-pol-de-mar_salon-acrisladado-18x12.png 18w, https:\/\/calaestudi.com\/wp-content\/uploads\/2025\/10\/cala-estudi_escaletes-sant-pol-de-mar_salon-acrisladado.png 1881w\" sizes=\"(max-width: 800px) 100vw, 800px\" \/>\t\t\t\t\t\t\t\t<\/a>\n\t\t\t\t\t\t\t\t\t\t\t<figcaption class=\"widget-image-caption wp-caption-text\">Sal\u00f3 de la casa Escaletes, a Sant Pol de Mar, dissenyada per Cala Estudi<\/figcaption>\n\t\t\t\t\t\t\t\t\t\t<\/figure>\n\t\t\t\t\t\t\t\t\t<\/div>\n\t\t\t\t<\/div>\n\t\t\t\t<div class=\"elementor-element elementor-element-fbc5e0a elementor-widget elementor-widget-text-editor\" data-id=\"fbc5e0a\" data-element_type=\"widget\" data-widget_type=\"text-editor.default\">\n\t\t\t\t<div class=\"elementor-widget-container\">\n\t\t\t\t\t\t\t\t\t<h3><b>2. L&#039;orientaci\u00f3 no sols va del sol: tamb\u00e9 va de l&#039;\u00fas<\/b><\/h3>\t\t\t\t\t\t\t\t<\/div>\n\t\t\t\t<\/div>\n\t\t\t\t<div class=\"elementor-element elementor-element-4093d5d elementor-widget elementor-widget-text-editor\" data-id=\"4093d5d\" data-element_type=\"widget\" data-widget_type=\"text-editor.default\">\n\t\t\t\t<div class=\"elementor-widget-container\">\n\t\t\t\t\t\t\t\t\t<p><span style=\"font-weight: 400; color: #030140;\">No totes les estances necessiten la mateixa relaci\u00f3 amb llum o exterior. A molts dels nostres projectes, les zones de dia s&#039;obren al sud per rebre el sol, mentre que els dormitoris busquen l&#039;est o el nord per mantenir la calma i la frescor.<\/span><\/p><p><span style=\"font-weight: 400; color: #030140;\">Cada casa demana la seva l\u00f2gica segons com es viu i quin ritme t\u00e9 la fam\u00edlia que l&#039;habita.<\/span><\/p>\t\t\t\t\t\t\t\t<\/div>\n\t\t\t\t<\/div>\n\t\t\t\t<div class=\"elementor-element elementor-element-b7d183c elementor-widget elementor-widget-text-editor\" data-id=\"b7d183c\" data-element_type=\"widget\" data-widget_type=\"text-editor.default\">\n\t\t\t\t<div class=\"elementor-widget-container\">\n\t\t\t\t\t\t\t\t\t<h3><b>3. Controlar l&#039;obertura: ni exposici\u00f3 ni tancament<\/b><\/h3>\t\t\t\t\t\t\t\t<\/div>\n\t\t\t\t<\/div>\n\t\t\t\t<div class=\"elementor-element elementor-element-ad256ad elementor-widget elementor-widget-text-editor\" data-id=\"ad256ad\" data-element_type=\"widget\" data-widget_type=\"text-editor.default\">\n\t\t\t\t<div class=\"elementor-widget-container\">\n\t\t\t\t\t\t\t\t\t<p><span style=\"color: #030140;\"><span style=\"font-weight: 400;\">Una bona orientaci\u00f3 tamb\u00e9 implica <\/span><b>saber regular l&#039;entrada de llum i vistes<\/b><span style=\"font-weight: 400;\">. Al projecte <\/span><a href=\"https:\/\/calaestudi.com\/ca\/rubina\/\"><b>Rubina<\/b><\/a><span style=\"font-weight: 400;\">, per exemple, la planta baixa s&#039;obre al jard\u00ed com una extensi\u00f3 del sal\u00f3, mentre que a la planta superior les transpar\u00e8ncies estan m\u00e9s controlades, enfocant les vistes desitjades a cada estan\u00e7a. Pots descobrir m\u00e9s sobre aquest projecte <a href=\"https:\/\/www.instagram.com\/reel\/DOa4_x6iATZ\/?utm_source=ig_web_copy_link&amp;igsh=MzRlODBiNWFlZA==\" target=\"_blank\" rel=\"noopener\"><span style=\"text-decoration: underline;\">aqu\u00ed.<\/span><\/a><\/span><\/span><\/p><p><span style=\"font-weight: 400; color: #030140;\">Aquest tipus de decisions aporten confort, privadesa i una millor qualitat de llum i vida a l&#039;interior.<\/span><\/p>\t\t\t\t\t\t\t\t<\/div>\n\t\t\t\t<\/div>\n\t\t\t\t<div class=\"elementor-element elementor-element-aeaf705 elementor-widget elementor-widget-image\" data-id=\"aeaf705\" data-element_type=\"widget\" data-widget_type=\"image.default\">\n\t\t\t\t<div class=\"elementor-widget-container\">\n\t\t\t\t\t\t\t\t\t\t\t\t<figure class=\"wp-caption\">\n\t\t\t\t\t\t\t\t\t\t\t<a href=\"https:\/\/calaestudi.com\/ca\/rubina\/\">\n\t\t\t\t\t\t\t<img decoding=\"async\" width=\"800\" height=\"1000\" src=\"https:\/\/calaestudi.com\/wp-content\/uploads\/2025\/10\/cala-estudi_rubina-viladecavalls_fachada-acristalada-piscina-vistas-819x1024.jpg\" class=\"attachment-large size-large wp-image-1866\" alt=\"\" srcset=\"https:\/\/calaestudi.com\/wp-content\/uploads\/2025\/10\/cala-estudi_rubina-viladecavalls_fachada-acristalada-piscina-vistas-819x1024.jpg 819w, https:\/\/calaestudi.com\/wp-content\/uploads\/2025\/10\/cala-estudi_rubina-viladecavalls_fachada-acristalada-piscina-vistas-240x300.jpg 240w, https:\/\/calaestudi.com\/wp-content\/uploads\/2025\/10\/cala-estudi_rubina-viladecavalls_fachada-acristalada-piscina-vistas-768x960.jpg 768w, https:\/\/calaestudi.com\/wp-content\/uploads\/2025\/10\/cala-estudi_rubina-viladecavalls_fachada-acristalada-piscina-vistas-1229x1536.jpg 1229w, https:\/\/calaestudi.com\/wp-content\/uploads\/2025\/10\/cala-estudi_rubina-viladecavalls_fachada-acristalada-piscina-vistas-10x12.jpg 10w, https:\/\/calaestudi.com\/wp-content\/uploads\/2025\/10\/cala-estudi_rubina-viladecavalls_fachada-acristalada-piscina-vistas.jpg 1638w\" sizes=\"(max-width: 800px) 100vw, 800px\" \/>\t\t\t\t\t\t\t\t<\/a>\n\t\t\t\t\t\t\t\t\t\t\t<figcaption class=\"widget-image-caption wp-caption-text\">Fa\u00e7ana de la casa Rubina, dissenyada per Cala Estudi<\/figcaption>\n\t\t\t\t\t\t\t\t\t\t<\/figure>\n\t\t\t\t\t\t\t\t\t<\/div>\n\t\t\t\t<\/div>\n\t\t\t\t<div class=\"elementor-element elementor-element-ccc07b2 elementor-widget elementor-widget-text-editor\" data-id=\"ccc07b2\" data-element_type=\"widget\" data-widget_type=\"text-editor.default\">\n\t\t\t\t<div class=\"elementor-widget-container\">\n\t\t\t\t\t\t\t\t\t<h3><b>4. Orientaci\u00f3 com a eina emocional<\/b><\/h3>\t\t\t\t\t\t\t\t<\/div>\n\t\t\t\t<\/div>\n\t\t\t\t<div class=\"elementor-element elementor-element-b608658 elementor-widget elementor-widget-text-editor\" data-id=\"b608658\" data-element_type=\"widget\" data-widget_type=\"text-editor.default\">\n\t\t\t\t<div class=\"elementor-widget-container\">\n\t\t\t\t\t\t\t\t\t<p><span style=\"color: #030140;\"><span style=\"font-weight: 400;\">M\u00e9s enll\u00e0 del clima, orientar b\u00e9 una casa tamb\u00e9 pot ser una forma de <b>crear sensacions<\/b>. Una finestra orientada a l&#039;oest pot fer que el sal\u00f3 es tenyeixi de llum c\u00e0lida cada vespre. Una cuina mirant cap a l&#039;est pot obrir els matins amb calma. No nom\u00e9s \u00e9s funcional: \u00e9s una manera d&#039;acompanyar el dia a dia.<\/span><\/span><\/p>\t\t\t\t\t\t\t\t<\/div>\n\t\t\t\t<\/div>\n\t\t\t\t<div class=\"elementor-element elementor-element-97662b3 elementor-widget elementor-widget-text-editor\" data-id=\"97662b3\" data-element_type=\"widget\" data-widget_type=\"text-editor.default\">\n\t\t\t\t<div class=\"elementor-widget-container\">\n\t\t\t\t\t\t\t\t\t<p><span style=\"color: #030140;\"><span style=\"font-weight: 600;\">Tens una parcel\u00b7la al Maresme i t&#039;agradaria treure-li tot el partit amb un disseny fet a mida?<\/span><span style=\"font-weight: 600;\"><br \/><\/span><span style=\"font-weight: 400;\">A Cala Estudi t&#039;ajudem a projectar una casa pensada per a tu... i per al lloc on ser\u00e0.<\/span><\/span><\/p><p><span style=\"color: #030140;\"><span style=\"font-weight: 400;\"><br \/><\/span><span style=\"font-weight: 400;\"> \ud83d\udc49 Descubre <a style=\"color: #030140;\" href=\"https:\/\/calaestudi.com\/ca\/projectes\/\"><strong><span style=\"text-decoration: underline;\">els nostres projectes<\/span><\/strong><\/a> o<a style=\"color: #030140;\" href=\"https:\/\/calaestudi.com\/ca\/contacte\/\"><strong> <span style=\"text-decoration: underline;\">contacta amb nosaltres<\/span><\/strong><\/a> per explicar-nos la teva idea.<\/span><\/span><\/p>\t\t\t\t\t\t\t\t<\/div>\n\t\t\t\t<\/div>\n\t\t\t\t\t<\/div>\n\t\t\t\t<\/div>\n\t\t<div class=\"elementor-element elementor-element-9661b78 e-flex e-con-boxed e-con e-parent\" data-id=\"9661b78\" data-element_type=\"container\">\n\t\t\t\t\t<div class=\"e-con-inner\">\n\t\t\t\t<div class=\"elementor-element elementor-element-6ef348e elementor-posts--align-left elementor-grid-3 elementor-grid-tablet-2 elementor-grid-mobile-1 elementor-posts--thumbnail-top elementor-widget elementor-widget-posts\" data-id=\"6ef348e\" data-element_type=\"widget\" data-settings=\"{&quot;classic_columns&quot;:&quot;3&quot;,&quot;classic_columns_tablet&quot;:&quot;2&quot;,&quot;classic_columns_mobile&quot;:&quot;1&quot;,&quot;classic_row_gap&quot;:{&quot;unit&quot;:&quot;px&quot;,&quot;size&quot;:35,&quot;sizes&quot;:[]},&quot;classic_row_gap_tablet&quot;:{&quot;unit&quot;:&quot;px&quot;,&quot;size&quot;:&quot;&quot;,&quot;sizes&quot;:[]},&quot;classic_row_gap_mobile&quot;:{&quot;unit&quot;:&quot;px&quot;,&quot;size&quot;:&quot;&quot;,&quot;sizes&quot;:[]}}\" data-widget_type=\"posts.classic\">\n\t\t\t\t<div class=\"elementor-widget-container\">\n\t\t\t\t\t\t\t<div class=\"elementor-posts-container elementor-posts elementor-posts--skin-classic elementor-grid\" role=\"list\">\n\t\t\t\t<article class=\"elementor-post elementor-grid-item post-3368 post type-post status-publish format-standard has-post-thumbnail hentry category-uncategorized\" role=\"listitem\">\n\t\t\t\t<a class=\"elementor-post__thumbnail__link\" href=\"https:\/\/calaestudi.com\/ca\/que-inclou-la-feina-dun-arquitecte\/\" tabindex=\"-1\">\n\t\t\t<div class=\"elementor-post__thumbnail\"><img loading=\"lazy\" decoding=\"async\" width=\"300\" height=\"169\" src=\"https:\/\/calaestudi.com\/wp-content\/uploads\/2025\/12\/cala-estudi_escaletes-sant-pol-de-mar_dormitorio-ventanales-acristalados-300x169.jpg\" class=\"attachment-medium size-medium wp-image-2806\" alt=\"Qu\u00e8 inclou la feina d&#039;un arquitecte per a una casa unifamiliar al Maresme\" srcset=\"https:\/\/calaestudi.com\/wp-content\/uploads\/2025\/12\/cala-estudi_escaletes-sant-pol-de-mar_dormitorio-ventanales-acristalados-300x169.jpg 300w, https:\/\/calaestudi.com\/wp-content\/uploads\/2025\/12\/cala-estudi_escaletes-sant-pol-de-mar_dormitorio-ventanales-acristalados-768x432.jpg 768w, https:\/\/calaestudi.com\/wp-content\/uploads\/2025\/12\/cala-estudi_escaletes-sant-pol-de-mar_dormitorio-ventanales-acristalados-18x10.jpg 18w, https:\/\/calaestudi.com\/wp-content\/uploads\/2025\/12\/cala-estudi_escaletes-sant-pol-de-mar_dormitorio-ventanales-acristalados.jpg 1024w\" sizes=\"(max-width: 300px) 100vw, 300px\" \/><\/div>\n\t\t<\/a>\n\t\t\t\t<div class=\"elementor-post__text\">\n\t\t\t\t<h3 class=\"elementor-post__title\">\n\t\t\t<a href=\"https:\/\/calaestudi.com\/ca\/que-inclou-la-feina-dun-arquitecte\/\">\n\t\t\t\tQu\u00e8 inclou el treball d?un arquitecte per a una casa unifamiliar al Maresme | Cala Estudi\t\t\t<\/a>\n\t\t<\/h3>\n\t\t\t\t<div class=\"elementor-post__excerpt\">\n\t\t\t<p>Qu\u00e8 inclou la feina d&#039;un arquitecte per a una casa unifamiliar al Maresme?  Quan alg\u00fa diu \u201cnecessito un arquitecte\u201d, moltes vegades nom\u00e9s pensa en el disseny. Per\u00f2\u2026 qu\u00e8 inclou la feina d&#039;un arquitecte realment? En realitat, la feina comen\u00e7a abans de dibuixar i continua fins a l&#039;obra.<\/p>\n\t\t<\/div>\n\t\t\n\t\t<a class=\"elementor-post__read-more\" href=\"https:\/\/calaestudi.com\/ca\/que-inclou-la-feina-dun-arquitecte\/\" aria-label=\"Read more about Qu\u00e9 incluye el trabajo de un arquitecto para una casa unifamiliar en el Maresme | Cala Estudi\" tabindex=\"-1\">\n\t\t\tRead More \u00bb\t\t<\/a>\n\n\t\t\t\t<\/div>\n\t\t\t\t<\/article>\n\t\t\t\t<article class=\"elementor-post elementor-grid-item post-3356 post type-post status-publish format-standard has-post-thumbnail hentry category-uncategorized\" role=\"listitem\">\n\t\t\t\t<a class=\"elementor-post__thumbnail__link\" href=\"https:\/\/calaestudi.com\/ca\/proces-per-construir-una-casa-al-maresme\/\" tabindex=\"-1\">\n\t\t\t<div class=\"elementor-post__thumbnail\"><img loading=\"lazy\" decoding=\"async\" width=\"300\" height=\"200\" src=\"https:\/\/calaestudi.com\/wp-content\/uploads\/2025\/04\/3-300x200.png\" class=\"attachment-medium size-medium wp-image-1110\" alt=\"proc\u00e9s per construir una casa al Maresme\" srcset=\"https:\/\/calaestudi.com\/wp-content\/uploads\/2025\/04\/3-300x200.png 300w, https:\/\/calaestudi.com\/wp-content\/uploads\/2025\/04\/3-1024x683.png 1024w, https:\/\/calaestudi.com\/wp-content\/uploads\/2025\/04\/3-768x512.png 768w, https:\/\/calaestudi.com\/wp-content\/uploads\/2025\/04\/3-1536x1024.png 1536w, https:\/\/calaestudi.com\/wp-content\/uploads\/2025\/04\/3-18x12.png 18w, https:\/\/calaestudi.com\/wp-content\/uploads\/2025\/04\/3.png 1881w\" sizes=\"(max-width: 300px) 100vw, 300px\" \/><\/div>\n\t\t<\/a>\n\t\t\t\t<div class=\"elementor-post__text\">\n\t\t\t\t<h3 class=\"elementor-post__title\">\n\t\t\t<a href=\"https:\/\/calaestudi.com\/ca\/proces-per-construir-una-casa-al-maresme\/\">\n\t\t\t\tProc\u00e9s per construir una casa al Maresme: fases i temps | Cala Estudi\t\t\t<\/a>\n\t\t<\/h3>\n\t\t\t\t<div class=\"elementor-post__excerpt\">\n\t\t\t<p>Proc\u00e9s per construir una casa al Maresme: fases, temps i decisions clau Construir una casa al Maresme no \u00e9s nom\u00e9s dissenyar un habitatge bonic: \u00e9s coordinar normativa, pressupost, decisions t\u00e8cniques i obra, en un ordre concret per evitar retards i sobrecostos. Per aix\u00f2, entendre el proc\u00e9s des del<\/p>\n\t\t<\/div>\n\t\t\n\t\t<a class=\"elementor-post__read-more\" href=\"https:\/\/calaestudi.com\/ca\/proces-per-construir-una-casa-al-maresme\/\" aria-label=\"Read more about Proceso para construir una casa en el Maresme: fases y tiempos | Cala Estudi\" tabindex=\"-1\">\n\t\t\tRead More \u00bb\t\t<\/a>\n\n\t\t\t\t<\/div>\n\t\t\t\t<\/article>\n\t\t\t\t<article class=\"elementor-post elementor-grid-item post-3336 post type-post status-publish format-standard hentry category-uncategorized\" role=\"listitem\">\n\t\t\t\t<div class=\"elementor-post__text\">\n\t\t\t\t<h3 class=\"elementor-post__title\">\n\t\t\t<a href=\"https:\/\/calaestudi.com\/ca\/comprar-un-terreny-al-maresme\/\">\n\t\t\t\tComprar un terreny al Maresme: qu\u00e8 cal revisar abans de construir | Cala Estudi\t\t\t<\/a>\n\t\t<\/h3>\n\t\t\t\t<div class=\"elementor-post__excerpt\">\n\t\t\t<p>Comprar un terreny al Maresme: qu\u00e8 ha de revisar un arquitecte abans de construir Comprar un terreny al Maresme pot ser el primer pas per construir una casa a mida\u2026 o una decisi\u00f3 que surt cara si la parcel\u00b7la t\u00e9 limitacions ocultes. Encara que un anunci digui \u201cedificable\u201d, aix\u00f2 no<\/p>\n\t\t<\/div>\n\t\t\n\t\t<a class=\"elementor-post__read-more\" href=\"https:\/\/calaestudi.com\/ca\/comprar-un-terreny-al-maresme\/\" aria-label=\"Read more about Comprar un terreno en el Maresme: qu\u00e9 revisar antes de construir | Cala Estudi\" tabindex=\"-1\">\n\t\t\tRead More \u00bb\t\t<\/a>\n\n\t\t\t\t<\/div>\n\t\t\t\t<\/article>\n\t\t\t\t<\/div>\n\t\t\n\t\t\t\t\t\t<\/div>\n\t\t\t\t<\/div>\n\t\t\t\t\t<\/div>\n\t\t\t\t<\/div>\n\t\t\t\t<\/div>","protected":false},"excerpt":{"rendered":"<p>Suite principal de la casa Escaletes, a Sant Pol de Mar Quina \u00e9s la millor orientaci\u00f3 per a una casa al maresme? \u00c9s una pregunta que es repeteix molt entre els nostres clients. Al Maresme, cada parcel\u00b7la \u00e9s una oportunitat diferent: unes miren al mar, altres s&#039;obren al bosc, algunes gaudeixen del sol tot [\u2026]<\/p>","protected":false},"author":2,"featured_media":1870,"comment_status":"open","ping_status":"open","sticky":false,"template":"","format":"standard","meta":{"footnotes":""},"categories":[1],"tags":[],"class_list":["post-1863","post","type-post","status-publish","format-standard","has-post-thumbnail","hentry","category-uncategorized"],"_links":{"self":[{"href":"https:\/\/calaestudi.com\/ca\/wp-json\/wp\/v2\/posts\/1863","targetHints":{"allow":["GET"]}}],"collection":[{"href":"https:\/\/calaestudi.com\/ca\/wp-json\/wp\/v2\/posts"}],"about":[{"href":"https:\/\/calaestudi.com\/ca\/wp-json\/wp\/v2\/types\/post"}],"author":[{"embeddable":true,"href":"https:\/\/calaestudi.com\/ca\/wp-json\/wp\/v2\/users\/2"}],"replies":[{"embeddable":true,"href":"https:\/\/calaestudi.com\/ca\/wp-json\/wp\/v2\/comments?post=1863"}],"version-history":[{"count":23,"href":"https:\/\/calaestudi.com\/ca\/wp-json\/wp\/v2\/posts\/1863\/revisions"}],"predecessor-version":[{"id":1959,"href":"https:\/\/calaestudi.com\/ca\/wp-json\/wp\/v2\/posts\/1863\/revisions\/1959"}],"wp:featuredmedia":[{"embeddable":true,"href":"https:\/\/calaestudi.com\/ca\/wp-json\/wp\/v2\/media\/1870"}],"wp:attachment":[{"href":"https:\/\/calaestudi.com\/ca\/wp-json\/wp\/v2\/media?parent=1863"}],"wp:term":[{"taxonomy":"category","embeddable":true,"href":"https:\/\/calaestudi.com\/ca\/wp-json\/wp\/v2\/categories?post=1863"},{"taxonomy":"post_tag","embeddable":true,"href":"https:\/\/calaestudi.com\/ca\/wp-json\/wp\/v2\/tags?post=1863"}],"curies":[{"name":"wp","href":"https:\/\/api.w.org\/{rel}","templated":true}]}}