{"id":1923,"date":"2025-10-27T11:51:52","date_gmt":"2025-10-27T11:51:52","guid":{"rendered":"https:\/\/calaestudi.com\/?p=1923"},"modified":"2025-10-27T13:13:42","modified_gmt":"2025-10-27T13:13:42","slug":"cuantos-metros-puedo-construir-en-mi-parcela-mataro","status":"publish","type":"post","link":"https:\/\/calaestudi.com\/ca\/quants-metres-puc-construir-a-la-meva-parcel\u00b7la-mataro\/","title":{"rendered":"Quants metres puc construir a la meva parcel\u00b7la a Matar\u00f3? Normativa urban\u00edstica a Matar\u00f3"},"content":{"rendered":"<div data-elementor-type=\"wp-post\" data-elementor-id=\"1923\" class=\"elementor elementor-1923\" data-elementor-post-type=\"post\">\n\t\t\t\t<div class=\"elementor-element elementor-element-a73b99e e-flex e-con-boxed e-con e-parent\" data-id=\"a73b99e\" data-element_type=\"container\">\n\t\t\t\t\t<div class=\"e-con-inner\">\n\t\t\t\t<div class=\"elementor-element elementor-element-bd80db5 elementor-widget elementor-widget-image\" data-id=\"bd80db5\" data-element_type=\"widget\" data-widget_type=\"image.default\">\n\t\t\t\t<div class=\"elementor-widget-container\">\n\t\t\t\t\t\t\t\t\t\t\t\t\t\t\t\t<a href=\"https:\/\/calaestudi.com\/ca\/https-calaestudi-com-escaletes\/\">\n\t\t\t\t\t\t\t<img fetchpriority=\"high\" decoding=\"async\" width=\"768\" height=\"768\" src=\"https:\/\/calaestudi.com\/wp-content\/uploads\/2025\/10\/parcela-junto-casas-modernas-ia-768x768.png\" class=\"attachment-medium_large size-medium_large wp-image-1925\" alt=\"\" srcset=\"https:\/\/calaestudi.com\/wp-content\/uploads\/2025\/10\/parcela-junto-casas-modernas-ia-768x768.png 768w, https:\/\/calaestudi.com\/wp-content\/uploads\/2025\/10\/parcela-junto-casas-modernas-ia-300x300.png 300w, https:\/\/calaestudi.com\/wp-content\/uploads\/2025\/10\/parcela-junto-casas-modernas-ia-150x150.png 150w, https:\/\/calaestudi.com\/wp-content\/uploads\/2025\/10\/parcela-junto-casas-modernas-ia-12x12.png 12w, https:\/\/calaestudi.com\/wp-content\/uploads\/2025\/10\/parcela-junto-casas-modernas-ia.png 1024w\" sizes=\"(max-width: 768px) 100vw, 768px\" \/>\t\t\t\t\t\t\t\t<\/a>\n\t\t\t\t\t\t\t\t\t\t\t\t\t\t\t<\/div>\n\t\t\t\t<\/div>\n\t\t\t\t<div class=\"elementor-element elementor-element-ffbc517 elementor-widget elementor-widget-text-editor\" data-id=\"ffbc517\" data-element_type=\"widget\" data-widget_type=\"text-editor.default\">\n\t\t\t\t<div class=\"elementor-widget-container\">\n\t\t\t\t\t\t\t\t\t<h2><span style=\"color: #030140;\"><b>Ya tengo mi parcela en Matar\u00f3 pero&#8230; \u00bfCu\u00e1ntos metros cuadrados puedo construir?<\/b><\/span><\/h2>\t\t\t\t\t\t\t\t<\/div>\n\t\t\t\t<\/div>\n\t\t\t\t<div class=\"elementor-element elementor-element-fcd13e7 elementor-widget elementor-widget-text-editor\" data-id=\"fcd13e7\" data-element_type=\"widget\" data-widget_type=\"text-editor.default\">\n\t\t\t\t<div class=\"elementor-widget-container\">\n\t\t\t\t\t\t\t\t\t<p><span style=\"color: #030140;\"><span style=\"font-weight: 400;\">\u00bfCu\u00e1ntos metros puedo construir en mi parcela en Matar\u00f3? Es una de las primeras dudas que se te vendr\u00e1n a la cabeza si est\u00e1s pensando en <\/span><b>construir una vivienda unifamiliar en Matar\u00f3. <\/b><span style=\"font-weight: 400;\">En este art\u00edculo te explicamos los conceptos b\u00e1sicos, un ejemplo pr\u00e1ctico y los tr\u00e1mites que necesitas conocer antes de iniciar la construcci\u00f3n de tu casa en Matar\u00f3.<\/span><\/span><\/p>\t\t\t\t\t\t\t\t<\/div>\n\t\t\t\t<\/div>\n\t\t\t\t<div class=\"elementor-element elementor-element-2357f4d elementor-widget elementor-widget-text-editor\" data-id=\"2357f4d\" data-element_type=\"widget\" data-widget_type=\"text-editor.default\">\n\t\t\t\t<div class=\"elementor-widget-container\">\n\t\t\t\t\t\t\t\t\t<p><span style=\"color: #030140;\"><span style=\"font-weight: 400;\">La <\/span><b>edificabilitat<\/b><span style=\"font-weight: 400;\"> \u00e9s la quantitat m\u00e0xima de metres quadrats que pots construir a totes les plantes d&#039;una parcel\u00b7la. S&#039;expressa com a coeficient aplicable a la superf\u00edcie del terreny.<\/span><\/span><\/p><p><span style=\"color: #030140;\"><span style=\"font-weight: 400;\">Per exemple: si la teva parcel\u00b7la fa 1.000 m\u00b2 i el coeficient d&#039;edificabilitat \u00e9s de 0,5, aleshores pots construir fins <\/span><b>500 m\u00b2<\/b><span style=\"font-weight: 400;\"> en total.<\/span><\/span><\/p><p><span style=\"color: #030140;\"><span style=\"font-weight: 400;\">La <\/span><b>ocupaci\u00f3<\/b><span style=\"font-weight: 400;\">, en canvi, indica quin percentatge de superf\u00edcie es pot fer servir en planta baixa. Aix\u00ed, una parcel\u00b7la de 500 m\u00b2 amb ocupaci\u00f3 del 30 % permetria una planta baixa de fins <\/span><b>150 m\u00b2<\/b><span style=\"font-weight: 400;\">.<\/span><\/span><\/p>\t\t\t\t\t\t\t\t<\/div>\n\t\t\t\t<\/div>\n\t\t\t\t<div class=\"elementor-element elementor-element-af6bb41 elementor-widget elementor-widget-image\" data-id=\"af6bb41\" data-element_type=\"widget\" data-widget_type=\"image.default\">\n\t\t\t\t<div class=\"elementor-widget-container\">\n\t\t\t\t\t\t\t\t\t\t\t\t\t\t\t\t<a href=\"https:\/\/calaestudi.com\/ca\/https-calaestudi-com-escaletes\/\">\n\t\t\t\t\t\t\t<img decoding=\"async\" width=\"800\" height=\"800\" src=\"https:\/\/calaestudi.com\/wp-content\/uploads\/2025\/10\/vista-aerea-solar-urbano-ia.png\" class=\"attachment-large size-large wp-image-1926\" alt=\"Render aeri d&#039;un solar urb\u00e0 al Maresme que il\u00b7lustra el potencial edificable del terreny segons la superf\u00edcie i la normativa local.\" srcset=\"https:\/\/calaestudi.com\/wp-content\/uploads\/2025\/10\/vista-aerea-solar-urbano-ia.png 1024w, https:\/\/calaestudi.com\/wp-content\/uploads\/2025\/10\/vista-aerea-solar-urbano-ia-300x300.png 300w, https:\/\/calaestudi.com\/wp-content\/uploads\/2025\/10\/vista-aerea-solar-urbano-ia-150x150.png 150w, https:\/\/calaestudi.com\/wp-content\/uploads\/2025\/10\/vista-aerea-solar-urbano-ia-768x768.png 768w, https:\/\/calaestudi.com\/wp-content\/uploads\/2025\/10\/vista-aerea-solar-urbano-ia-12x12.png 12w\" sizes=\"(max-width: 800px) 100vw, 800px\" \/>\t\t\t\t\t\t\t\t<\/a>\n\t\t\t\t\t\t\t\t\t\t\t\t\t\t\t<\/div>\n\t\t\t\t<\/div>\n\t\t\t\t<div class=\"elementor-element elementor-element-fbc5e0a elementor-widget elementor-widget-text-editor\" data-id=\"fbc5e0a\" data-element_type=\"widget\" data-widget_type=\"text-editor.default\">\n\t\t\t\t<div class=\"elementor-widget-container\">\n\t\t\t\t\t\t\t\t\t<h2><span style=\"color: #030140;\"><b>Par\u00e1metros urban\u00edsticos habituales en Matar\u00f3<\/b><\/span><\/h2>\t\t\t\t\t\t\t\t<\/div>\n\t\t\t\t<\/div>\n\t\t\t\t<div class=\"elementor-element elementor-element-4093d5d elementor-widget elementor-widget-text-editor\" data-id=\"4093d5d\" data-element_type=\"widget\" data-widget_type=\"text-editor.default\">\n\t\t\t\t<div class=\"elementor-widget-container\">\n\t\t\t\t\t\t\t\t\t<p><span style=\"font-weight: 400; color: #030140;\">Aunque la normativa var\u00eda seg\u00fan la zona, estos son valores comunes en suelo urbano destinado a vivienda unifamiliar en Matar\u00f3:<\/span><\/p><ul><li style=\"font-weight: 400;\" aria-level=\"1\"><span style=\"color: #030140;\"><b>Coeficient d&#039;edificabilitat neta<\/b><span style=\"font-weight: 400;\">: al voltant de <\/span><b>0,5<\/b><\/span><\/li><li style=\"font-weight: 400;\" aria-level=\"1\"><span style=\"color: #030140;\"><b>Ocupaci\u00f3 m\u00e0xima<\/b><span style=\"font-weight: 400;\">: <\/span><b>30 %<\/b><span style=\"font-weight: 400;\"> de la parcel\u00b7la<\/span><\/span><\/li><li style=\"font-weight: 400;\" aria-level=\"1\"><span style=\"color: #030140;\"><b>Al\u00e7ada m\u00e0xima<\/b><span style=\"font-weight: 400;\">: planta baixa + 1 pis (PB+1), uns <\/span><b>7 m<\/b><\/span><\/li><li style=\"font-weight: 400;\" aria-level=\"1\"><span style=\"color: #030140;\"><b>Reculades m\u00ednimes<\/b><span style=\"font-weight: 400;\">: 5 m des del carrer i 3 m als laterals i fons<\/span><\/span><\/li><\/ul><p><span style=\"color: #030140;\"><b>Parcel\u00b7la m\u00ednima<\/b><span style=\"font-weight: 400;\">: entre 800 m\u00b2 i 1.250 m\u00b2, segons la ubicaci\u00f3<\/span><span style=\"font-weight: 400;\"><br \/><\/span><\/span><\/p>\t\t\t\t\t\t\t\t<\/div>\n\t\t\t\t<\/div>\n\t\t\t\t<div class=\"elementor-element elementor-element-ff6cc1e elementor-widget elementor-widget-text-editor\" data-id=\"ff6cc1e\" data-element_type=\"widget\" data-widget_type=\"text-editor.default\">\n\t\t\t\t<div class=\"elementor-widget-container\">\n\t\t\t\t\t\t\t\t\t<p><span style=\"color: #030140;\"><span style=\"font-weight: 400;\">Pots consultar el <\/span><b>planeamiento urban\u00edstico vigente<\/b><span style=\"font-weight: 400;\"> en la web del Ayuntamiento de Matar\u00f3 \u2192<\/span><strong><a style=\"color: #030140;\" href=\"https:\/\/www.mataro.cat\/es\/temas\/urbanismo\/planificacion-urbanistica\/planeamiento-urbanistico-vigente\" target=\"_blank\" rel=\"noopener\"><span style=\"text-decoration: underline;\"> Planeamiento urban\u00edstico vigente<\/span> <\/a><\/strong><span style=\"font-weight: 400;\">\u00a0Y tambi\u00e9n solicitar un <\/span><b>informe urban\u00edstico de parcela<\/b><span style=\"font-weight: 400;\"> aqu\u00ed \u2192<\/span><a style=\"color: #030140;\" href=\"https:\/\/www.mataro.cat\/es\/temas\/urbanismo\/informacion-urbanistica\" target=\"_blank\" rel=\"noopener\"><span style=\"font-weight: 400;\"><span style=\"text-decoration: underline;\"> Informaci\u00f3n urban\u00edstica<\/span><\/span><\/a><\/span><\/p>\t\t\t\t\t\t\t\t<\/div>\n\t\t\t\t<\/div>\n\t\t\t\t<div class=\"elementor-element elementor-element-b7d183c elementor-widget elementor-widget-text-editor\" data-id=\"b7d183c\" data-element_type=\"widget\" data-widget_type=\"text-editor.default\">\n\t\t\t\t<div class=\"elementor-widget-container\">\n\t\t\t\t\t\t\t\t\t<h2><b>Exemple pr\u00e0ctic de c\u00e0lcul<\/b><\/h2>\t\t\t\t\t\t\t\t<\/div>\n\t\t\t\t<\/div>\n\t\t\t\t<div class=\"elementor-element elementor-element-be5644f elementor-widget elementor-widget-image\" data-id=\"be5644f\" data-element_type=\"widget\" data-widget_type=\"image.default\">\n\t\t\t\t<div class=\"elementor-widget-container\">\n\t\t\t\t\t\t\t\t\t\t\t\t\t\t\t<img decoding=\"async\" width=\"800\" height=\"800\" src=\"https:\/\/calaestudi.com\/wp-content\/uploads\/2025\/10\/terreno-vacio-residencial-mataro-ia.png\" class=\"attachment-large size-large wp-image-1927\" alt=\"\" srcset=\"https:\/\/calaestudi.com\/wp-content\/uploads\/2025\/10\/terreno-vacio-residencial-mataro-ia.png 1024w, https:\/\/calaestudi.com\/wp-content\/uploads\/2025\/10\/terreno-vacio-residencial-mataro-ia-300x300.png 300w, https:\/\/calaestudi.com\/wp-content\/uploads\/2025\/10\/terreno-vacio-residencial-mataro-ia-150x150.png 150w, https:\/\/calaestudi.com\/wp-content\/uploads\/2025\/10\/terreno-vacio-residencial-mataro-ia-768x768.png 768w, https:\/\/calaestudi.com\/wp-content\/uploads\/2025\/10\/terreno-vacio-residencial-mataro-ia-12x12.png 12w\" sizes=\"(max-width: 800px) 100vw, 800px\" \/>\t\t\t\t\t\t\t\t\t\t\t\t\t\t\t<\/div>\n\t\t\t\t<\/div>\n\t\t\t\t<div class=\"elementor-element elementor-element-ad256ad elementor-widget elementor-widget-text-editor\" data-id=\"ad256ad\" data-element_type=\"widget\" data-widget_type=\"text-editor.default\">\n\t\t\t\t<div class=\"elementor-widget-container\">\n\t\t\t\t\t\t\t\t\t<p><span style=\"color: #030140;\"><span style=\"font-weight: 400;\">Imaginem una parcel\u00b7la de <\/span><b>1.000 m\u00b2<\/b><span style=\"font-weight: 400;\"> en Matar\u00f3:<\/span><\/span><\/p><ul><li style=\"font-weight: 400;\" aria-level=\"1\"><span style=\"color: #030140;\"><b>Edificabilitat (0,5)<\/b><span style=\"font-weight: 400;\"> \u2192 podr\u00e0s construir fins <\/span><b>500 m\u00b2<\/b><span style=\"font-weight: 400;\"> en total, sumant totes les plantes.<\/span><\/span><\/li><li style=\"font-weight: 400;\" aria-level=\"1\"><span style=\"color: #030140;\"><b>Ocupaci\u00f3 m\u00e0xima (30 %)<\/b><span style=\"font-weight: 400;\"> \u2192 la planta baixa podr\u00e0 tenir fins <\/span><b>300 m\u00b2<\/b><span style=\"font-weight: 400;\"> constru\u00efts.<\/span><\/span><p>\u00a0<\/p><\/li><li style=\"font-weight: 400;\" aria-level=\"1\"><span style=\"color: #030140;\"><b>Al\u00e7ada m\u00e0xima (PB+1)<\/b><span style=\"font-weight: 400;\"> \u2192 el que \u00e9s habitual ser\u00e0 distribuir aquests metres en dues plantes d&#039;uns 250 m\u00b2 cadascuna.<\/span><\/span><p>\u00a0<\/p><\/li><\/ul><p><span style=\"font-weight: 400; color: #030140;\">Aquest tipus d&#039;exemple \u00e9s el m\u00e9s clar per entendre quants metres reals pots construir al teu terreny.<\/span><\/p>\t\t\t\t\t\t\t\t<\/div>\n\t\t\t\t<\/div>\n\t\t\t\t<div class=\"elementor-element elementor-element-ccc07b2 elementor-widget elementor-widget-text-editor\" data-id=\"ccc07b2\" data-element_type=\"widget\" data-widget_type=\"text-editor.default\">\n\t\t\t\t<div class=\"elementor-widget-container\">\n\t\t\t\t\t\t\t\t\t<h2><span style=\"color: #030140;\"><b>\u00bfC\u00f3mo asegurarte de que tu parcela es edificable?<\/b><\/span><\/h2>\t\t\t\t\t\t\t\t<\/div>\n\t\t\t\t<\/div>\n\t\t\t\t<div class=\"elementor-element elementor-element-b608658 elementor-widget elementor-widget-text-editor\" data-id=\"b608658\" data-element_type=\"widget\" data-widget_type=\"text-editor.default\">\n\t\t\t\t<div class=\"elementor-widget-container\">\n\t\t\t\t\t\t\t\t\t<p><span style=\"font-weight: 400; color: #030140;\">Si ya tienes una parcela en Matar\u00f3 o est\u00e1s valorando comprar una, el paso m\u00e1s importante es confirmar con datos oficiales qu\u00e9 puedes construir. Para ello existen varios tr\u00e1mites en el Ayuntamiento:<\/span><\/p><ul><li style=\"font-weight: 400;\" aria-level=\"1\"><span style=\"color: #030140;\"><b>Informe urban\u00edstic d&#039;una finca<\/b><\/span><\/li><li style=\"font-weight: 400;\" aria-level=\"1\"><span style=\"color: #030140;\"><b>Certificat urban\u00edstic<\/b><\/span><\/li><li style=\"font-weight: 400;\" aria-level=\"1\"><span style=\"color: #030140;\"><b>Informe de compatibilitat urban\u00edstica<\/b><\/span><\/li><\/ul><p><span style=\"font-weight: 400; color: #030140;\">Aquests documents detallen els usos permesos, metres edificables, reculades, densitat i possibles afectacions.<\/span><\/p>\t\t\t\t\t\t\t\t<\/div>\n\t\t\t\t<\/div>\n\t\t\t\t<div class=\"elementor-element elementor-element-aeaf705 elementor-widget elementor-widget-image\" data-id=\"aeaf705\" data-element_type=\"widget\" data-widget_type=\"image.default\">\n\t\t\t\t<div class=\"elementor-widget-container\">\n\t\t\t\t\t\t\t\t\t\t\t\t<figure class=\"wp-caption\">\n\t\t\t\t\t\t\t\t\t\t\t<a href=\"https:\/\/calaestudi.com\/ca\/rubina\/\">\n\t\t\t\t\t\t\t<img loading=\"lazy\" decoding=\"async\" width=\"800\" height=\"1000\" src=\"https:\/\/calaestudi.com\/wp-content\/uploads\/2025\/10\/cala-estudi_rubina-viladecavalls_fachada-acristalada-piscina-vistas-819x1024.jpg\" class=\"attachment-large size-large wp-image-1866\" alt=\"\" srcset=\"https:\/\/calaestudi.com\/wp-content\/uploads\/2025\/10\/cala-estudi_rubina-viladecavalls_fachada-acristalada-piscina-vistas-819x1024.jpg 819w, https:\/\/calaestudi.com\/wp-content\/uploads\/2025\/10\/cala-estudi_rubina-viladecavalls_fachada-acristalada-piscina-vistas-240x300.jpg 240w, https:\/\/calaestudi.com\/wp-content\/uploads\/2025\/10\/cala-estudi_rubina-viladecavalls_fachada-acristalada-piscina-vistas-768x960.jpg 768w, https:\/\/calaestudi.com\/wp-content\/uploads\/2025\/10\/cala-estudi_rubina-viladecavalls_fachada-acristalada-piscina-vistas-1229x1536.jpg 1229w, https:\/\/calaestudi.com\/wp-content\/uploads\/2025\/10\/cala-estudi_rubina-viladecavalls_fachada-acristalada-piscina-vistas-10x12.jpg 10w, https:\/\/calaestudi.com\/wp-content\/uploads\/2025\/10\/cala-estudi_rubina-viladecavalls_fachada-acristalada-piscina-vistas.jpg 1638w\" sizes=\"(max-width: 800px) 100vw, 800px\" \/>\t\t\t\t\t\t\t\t<\/a>\n\t\t\t\t\t\t\t\t\t\t\t<figcaption class=\"widget-image-caption wp-caption-text\">Fa\u00e7ana de la casa Rubina, dissenyada per Cala Estudi<\/figcaption>\n\t\t\t\t\t\t\t\t\t\t<\/figure>\n\t\t\t\t\t\t\t\t\t<\/div>\n\t\t\t\t<\/div>\n\t\t\t\t<div class=\"elementor-element elementor-element-34e2919 elementor-widget elementor-widget-text-editor\" data-id=\"34e2919\" data-element_type=\"widget\" data-widget_type=\"text-editor.default\">\n\t\t\t\t<div class=\"elementor-widget-container\">\n\t\t\t\t\t\t\t\t\t<h2><span style=\"color: #030140;\"><b>Amb Cala Estudi, el proc\u00e9s es fa una mica m\u00e9s senzill<\/b><\/span><\/h2>\t\t\t\t\t\t\t\t<\/div>\n\t\t\t\t<\/div>\n\t\t\t\t<div class=\"elementor-element elementor-element-abfc556 elementor-widget elementor-widget-text-editor\" data-id=\"abfc556\" data-element_type=\"widget\" data-widget_type=\"text-editor.default\">\n\t\t\t\t<div class=\"elementor-widget-container\">\n\t\t\t\t\t\t\t\t\t<p><span style=\"font-weight: 400; color: #030140;\">La normativa urban\u00edstica pot semblar clara en teoria, per\u00f2 a la pr\u00e0ctica exigeix interpretar m\u00faltiples par\u00e0metres. Un error en aquests c\u00e0lculs pot provocar retards, sancions o sobrecostos importants.<\/span><\/p><p><span style=\"color: #030140;\"><span style=\"font-weight: 400;\">A <\/span><b>Cala Estudi, ens importa el rigor t\u00e8cnic i el control econ\u00f2mic del teu projecte<\/b><span style=\"font-weight: 400;\">. Analizamos tu parcela en Matar\u00f3, aplicamos la normativa vigente y dise\u00f1amos tu vivienda unifamiliar para que sea viable desde el primer d\u00eda. As\u00ed te aseguras de que cada metro construido est\u00e1 dentro de la legalidad y de tu presupuesto.<\/span><\/span><\/p>\t\t\t\t\t\t\t\t<\/div>\n\t\t\t\t<\/div>\n\t\t\t\t<div class=\"elementor-element elementor-element-719beab elementor-widget elementor-widget-text-editor\" data-id=\"719beab\" data-element_type=\"widget\" data-widget_type=\"text-editor.default\">\n\t\t\t\t<div class=\"elementor-widget-container\">\n\t\t\t\t\t\t\t\t\t<h2><span style=\"color: #030140;\"><b>Construcci\u00f3n de vivienda unifamiliar en Matar\u00f3 con Cala Estudi<\/b><\/span><\/h2>\t\t\t\t\t\t\t\t<\/div>\n\t\t\t\t<\/div>\n\t\t\t\t<div class=\"elementor-element elementor-element-5b28006 elementor-widget elementor-widget-text-editor\" data-id=\"5b28006\" data-element_type=\"widget\" data-widget_type=\"text-editor.default\">\n\t\t\t\t<div class=\"elementor-widget-container\">\n\t\t\t\t\t\t\t\t\t<p><span style=\"font-weight: 400; color: #030140;\">El nostre estudi est\u00e0 especialitzat en arquitectura a projectes residencials d\u00b4obra nova a tot el Maresme. Conjuguem disseny a mida, solv\u00e8ncia t\u00e8cnica i control econ\u00f2mic perqu\u00e8 casa teva compleixi la normativa i s&#039;adapti a la teva manera de viure.<\/span><\/p>\t\t\t\t\t\t\t\t<\/div>\n\t\t\t\t<\/div>\n\t\t\t\t<div class=\"elementor-element elementor-element-97662b3 elementor-widget elementor-widget-text-editor\" data-id=\"97662b3\" data-element_type=\"widget\" data-widget_type=\"text-editor.default\">\n\t\t\t\t<div class=\"elementor-widget-container\">\n\t\t\t\t\t\t\t\t\t<p><span style=\"color: #030140;\">Si tienes una parcela en Matar\u00f3 y quieres saber exactamente cu\u00e1ntos metros puedes construir, te puedes poner en contacto con nosotros <a style=\"color: #030140;\" href=\"https:\/\/wa.me\/34633857757\" target=\"_blank\" rel=\"noopener\"><b>aqu\u00ed<\/b><\/a>.<\/span><\/p>\t\t\t\t\t\t\t\t<\/div>\n\t\t\t\t<\/div>\n\t\t\t\t\t<\/div>\n\t\t\t\t<\/div>\n\t\t<div class=\"elementor-element elementor-element-9661b78 e-flex e-con-boxed e-con e-parent\" data-id=\"9661b78\" data-element_type=\"container\">\n\t\t\t\t\t<div class=\"e-con-inner\">\n\t\t\t\t<div class=\"elementor-element elementor-element-6ef348e elementor-posts--align-left elementor-grid-3 elementor-grid-tablet-2 elementor-grid-mobile-1 elementor-posts--thumbnail-top elementor-widget elementor-widget-posts\" data-id=\"6ef348e\" data-element_type=\"widget\" data-settings=\"{&quot;classic_columns&quot;:&quot;3&quot;,&quot;classic_columns_tablet&quot;:&quot;2&quot;,&quot;classic_columns_mobile&quot;:&quot;1&quot;,&quot;classic_row_gap&quot;:{&quot;unit&quot;:&quot;px&quot;,&quot;size&quot;:35,&quot;sizes&quot;:[]},&quot;classic_row_gap_tablet&quot;:{&quot;unit&quot;:&quot;px&quot;,&quot;size&quot;:&quot;&quot;,&quot;sizes&quot;:[]},&quot;classic_row_gap_mobile&quot;:{&quot;unit&quot;:&quot;px&quot;,&quot;size&quot;:&quot;&quot;,&quot;sizes&quot;:[]}}\" data-widget_type=\"posts.classic\">\n\t\t\t\t<div class=\"elementor-widget-container\">\n\t\t\t\t\t\t\t<div class=\"elementor-posts-container elementor-posts elementor-posts--skin-classic elementor-grid\" role=\"list\">\n\t\t\t\t<article class=\"elementor-post elementor-grid-item post-3368 post type-post status-publish format-standard has-post-thumbnail hentry category-uncategorized\" role=\"listitem\">\n\t\t\t\t<a class=\"elementor-post__thumbnail__link\" href=\"https:\/\/calaestudi.com\/ca\/que-inclou-la-feina-dun-arquitecte\/\" tabindex=\"-1\">\n\t\t\t<div class=\"elementor-post__thumbnail\"><img loading=\"lazy\" decoding=\"async\" width=\"300\" height=\"169\" src=\"https:\/\/calaestudi.com\/wp-content\/uploads\/2025\/12\/cala-estudi_escaletes-sant-pol-de-mar_dormitorio-ventanales-acristalados-300x169.jpg\" class=\"attachment-medium size-medium wp-image-2806\" alt=\"Qu\u00e8 inclou la feina d&#039;un arquitecte per a una casa unifamiliar al Maresme\" srcset=\"https:\/\/calaestudi.com\/wp-content\/uploads\/2025\/12\/cala-estudi_escaletes-sant-pol-de-mar_dormitorio-ventanales-acristalados-300x169.jpg 300w, https:\/\/calaestudi.com\/wp-content\/uploads\/2025\/12\/cala-estudi_escaletes-sant-pol-de-mar_dormitorio-ventanales-acristalados-768x432.jpg 768w, https:\/\/calaestudi.com\/wp-content\/uploads\/2025\/12\/cala-estudi_escaletes-sant-pol-de-mar_dormitorio-ventanales-acristalados-18x10.jpg 18w, https:\/\/calaestudi.com\/wp-content\/uploads\/2025\/12\/cala-estudi_escaletes-sant-pol-de-mar_dormitorio-ventanales-acristalados.jpg 1024w\" sizes=\"(max-width: 300px) 100vw, 300px\" \/><\/div>\n\t\t<\/a>\n\t\t\t\t<div class=\"elementor-post__text\">\n\t\t\t\t<h3 class=\"elementor-post__title\">\n\t\t\t<a href=\"https:\/\/calaestudi.com\/ca\/que-inclou-la-feina-dun-arquitecte\/\">\n\t\t\t\tQu\u00e8 inclou el treball d?un arquitecte per a una casa unifamiliar al Maresme | Cala Estudi\t\t\t<\/a>\n\t\t<\/h3>\n\t\t\n\t\t<a class=\"elementor-post__read-more\" href=\"https:\/\/calaestudi.com\/ca\/que-inclou-la-feina-dun-arquitecte\/\" aria-label=\"Read more about Qu\u00e9 incluye el trabajo de un arquitecto para una casa unifamiliar en el Maresme | Cala Estudi\" tabindex=\"-1\">\n\t\t\tRead More \u00bb\t\t<\/a>\n\n\t\t\t\t<\/div>\n\t\t\t\t<\/article>\n\t\t\t\t<article class=\"elementor-post elementor-grid-item post-3356 post type-post status-publish format-standard has-post-thumbnail hentry category-uncategorized\" role=\"listitem\">\n\t\t\t\t<a class=\"elementor-post__thumbnail__link\" href=\"https:\/\/calaestudi.com\/ca\/proces-per-construir-una-casa-al-maresme\/\" tabindex=\"-1\">\n\t\t\t<div class=\"elementor-post__thumbnail\"><img loading=\"lazy\" decoding=\"async\" width=\"300\" height=\"200\" src=\"https:\/\/calaestudi.com\/wp-content\/uploads\/2025\/04\/3-300x200.png\" class=\"attachment-medium size-medium wp-image-1110\" alt=\"proc\u00e9s per construir una casa al Maresme\" srcset=\"https:\/\/calaestudi.com\/wp-content\/uploads\/2025\/04\/3-300x200.png 300w, https:\/\/calaestudi.com\/wp-content\/uploads\/2025\/04\/3-1024x683.png 1024w, https:\/\/calaestudi.com\/wp-content\/uploads\/2025\/04\/3-768x512.png 768w, https:\/\/calaestudi.com\/wp-content\/uploads\/2025\/04\/3-1536x1024.png 1536w, https:\/\/calaestudi.com\/wp-content\/uploads\/2025\/04\/3-18x12.png 18w, https:\/\/calaestudi.com\/wp-content\/uploads\/2025\/04\/3.png 1881w\" sizes=\"(max-width: 300px) 100vw, 300px\" \/><\/div>\n\t\t<\/a>\n\t\t\t\t<div class=\"elementor-post__text\">\n\t\t\t\t<h3 class=\"elementor-post__title\">\n\t\t\t<a href=\"https:\/\/calaestudi.com\/ca\/proces-per-construir-una-casa-al-maresme\/\">\n\t\t\t\tProc\u00e9s per construir una casa al Maresme: fases i temps | Cala Estudi\t\t\t<\/a>\n\t\t<\/h3>\n\t\t\n\t\t<a class=\"elementor-post__read-more\" href=\"https:\/\/calaestudi.com\/ca\/proces-per-construir-una-casa-al-maresme\/\" aria-label=\"Read more about Proceso para construir una casa en el Maresme: fases y tiempos | Cala Estudi\" tabindex=\"-1\">\n\t\t\tRead More \u00bb\t\t<\/a>\n\n\t\t\t\t<\/div>\n\t\t\t\t<\/article>\n\t\t\t\t<article class=\"elementor-post elementor-grid-item post-3336 post type-post status-publish format-standard hentry category-uncategorized\" role=\"listitem\">\n\t\t\t\t<div class=\"elementor-post__text\">\n\t\t\t\t<h3 class=\"elementor-post__title\">\n\t\t\t<a href=\"https:\/\/calaestudi.com\/ca\/comprar-un-terreny-al-maresme\/\">\n\t\t\t\tComprar un terreny al Maresme: qu\u00e8 cal revisar abans de construir | Cala Estudi\t\t\t<\/a>\n\t\t<\/h3>\n\t\t\n\t\t<a class=\"elementor-post__read-more\" href=\"https:\/\/calaestudi.com\/ca\/comprar-un-terreny-al-maresme\/\" aria-label=\"Read more about Comprar un terreno en el Maresme: qu\u00e9 revisar antes de construir | Cala Estudi\" tabindex=\"-1\">\n\t\t\tRead More \u00bb\t\t<\/a>\n\n\t\t\t\t<\/div>\n\t\t\t\t<\/article>\n\t\t\t\t<\/div>\n\t\t\n\t\t\t\t\t\t<\/div>\n\t\t\t\t<\/div>\n\t\t\t\t\t<\/div>\n\t\t\t\t<\/div>\n\t\t\t\t<\/div>","protected":false},"excerpt":{"rendered":"<p>Ja tinc la meva parcel\u00b7la a Matar\u00f3 per\u00f2\u2026 Quants metres quadrats puc construir? Quants metres puc construir a la meva parcel\u00b7la a Matar\u00f3? \u00c9s un dels primers dubtes que et vindran al capdavant si est\u00e0s pensant a construir un habitatge unifamiliar a Matar\u00f3. En aquest article t&#039;expliquem els<\/p>","protected":false},"author":2,"featured_media":1926,"comment_status":"open","ping_status":"open","sticky":false,"template":"","format":"standard","meta":{"footnotes":""},"categories":[1],"tags":[],"class_list":["post-1923","post","type-post","status-publish","format-standard","has-post-thumbnail","hentry","category-uncategorized"],"_links":{"self":[{"href":"https:\/\/calaestudi.com\/ca\/wp-json\/wp\/v2\/posts\/1923","targetHints":{"allow":["GET"]}}],"collection":[{"href":"https:\/\/calaestudi.com\/ca\/wp-json\/wp\/v2\/posts"}],"about":[{"href":"https:\/\/calaestudi.com\/ca\/wp-json\/wp\/v2\/types\/post"}],"author":[{"embeddable":true,"href":"https:\/\/calaestudi.com\/ca\/wp-json\/wp\/v2\/users\/2"}],"replies":[{"embeddable":true,"href":"https:\/\/calaestudi.com\/ca\/wp-json\/wp\/v2\/comments?post=1923"}],"version-history":[{"count":12,"href":"https:\/\/calaestudi.com\/ca\/wp-json\/wp\/v2\/posts\/1923\/revisions"}],"predecessor-version":[{"id":1976,"href":"https:\/\/calaestudi.com\/ca\/wp-json\/wp\/v2\/posts\/1923\/revisions\/1976"}],"wp:featuredmedia":[{"embeddable":true,"href":"https:\/\/calaestudi.com\/ca\/wp-json\/wp\/v2\/media\/1926"}],"wp:attachment":[{"href":"https:\/\/calaestudi.com\/ca\/wp-json\/wp\/v2\/media?parent=1923"}],"wp:term":[{"taxonomy":"category","embeddable":true,"href":"https:\/\/calaestudi.com\/ca\/wp-json\/wp\/v2\/categories?post=1923"},{"taxonomy":"post_tag","embeddable":true,"href":"https:\/\/calaestudi.com\/ca\/wp-json\/wp\/v2\/tags?post=1923"}],"curies":[{"name":"wp","href":"https:\/\/api.w.org\/{rel}","templated":true}]}}