{"id":2081,"date":"2025-12-11T09:52:04","date_gmt":"2025-12-11T09:52:04","guid":{"rendered":"https:\/\/calaestudi.com\/?p=2081"},"modified":"2025-12-11T10:52:08","modified_gmt":"2025-12-11T10:52:08","slug":"tadelakt-banos-5-secretos-lujo-marroqui-diseno","status":"publish","type":"post","link":"https:\/\/calaestudi.com\/ca\/tadelakt-banys-5-secrets-luxe-marroqui-disseny\/","title":{"rendered":"Tadelakt a Banys: Els 5 Secrets Definitius del Luxe Marroqu\u00ed per a un Disseny Excepcional"},"content":{"rendered":"<div data-elementor-type=\"wp-post\" data-elementor-id=\"2081\" class=\"elementor elementor-2081\" data-elementor-post-type=\"post\">\n\t\t\t\t<div class=\"elementor-element elementor-element-a73b99e e-con-full e-flex e-con e-parent\" data-id=\"a73b99e\" data-element_type=\"container\">\n\t\t\t\t<div class=\"elementor-element elementor-element-bd80db5 elementor-widget elementor-widget-image\" data-id=\"bd80db5\" data-element_type=\"widget\" data-widget_type=\"image.default\">\n\t\t\t\t<div class=\"elementor-widget-container\">\n\t\t\t\t\t\t\t\t\t\t\t\t\t\t\t<img fetchpriority=\"high\" decoding=\"async\" width=\"548\" height=\"661\" src=\"https:\/\/calaestudi.com\/wp-content\/uploads\/2025\/11\/Captura-de-pantalla-2025-11-25-155641.png\" class=\"attachment-full size-full wp-image-2103\" alt=\"Tadelakt\" srcset=\"https:\/\/calaestudi.com\/wp-content\/uploads\/2025\/11\/Captura-de-pantalla-2025-11-25-155641.png 548w, https:\/\/calaestudi.com\/wp-content\/uploads\/2025\/11\/Captura-de-pantalla-2025-11-25-155641-249x300.png 249w, https:\/\/calaestudi.com\/wp-content\/uploads\/2025\/11\/Captura-de-pantalla-2025-11-25-155641-10x12.png 10w\" sizes=\"(max-width: 548px) 100vw, 548px\" \/>\t\t\t\t\t\t\t\t\t\t\t\t\t\t\t<\/div>\n\t\t\t\t<\/div>\n\t\t\t\t<div class=\"elementor-element elementor-element-ffbc517 elementor-widget elementor-widget-text-editor\" data-id=\"ffbc517\" data-element_type=\"widget\" data-widget_type=\"text-editor.default\">\n\t\t\t\t<div class=\"elementor-widget-container\">\n\t\t\t\t\t\t\t\t\t<h2><b>El Luxe sense Juntes: Descobrint per qu\u00e8 la cal\u00e7 supera el microciment a Tadelakt a Banys<\/b><span style=\"font-weight: 400;\">.<\/span><\/h2>\t\t\t\t\t\t\t\t<\/div>\n\t\t\t\t<\/div>\n\t\t\t\t<div class=\"elementor-element elementor-element-fcd13e7 elementor-widget elementor-widget-text-editor\" data-id=\"fcd13e7\" data-element_type=\"widget\" data-widget_type=\"text-editor.default\">\n\t\t\t\t<div class=\"elementor-widget-container\">\n\t\t\t\t\t\t\t\t\t<p><span style=\"font-weight: 400; color: #030140;\"><strong>El Tadelakt no \u00e9s nom\u00e9s un revestiment<\/strong>; \u00e9s una declaraci\u00f3 d\u02bbintencions en el disseny d\u02bbinteriors. Originari de l&#039;arquitectura ancestral de Marr\u00e0queix, aquest estuc de cal\u00e7 polida a m\u00e0 ha transcendit fronteres per convertir-se en l&#039;acabat predilecte <strong>en projectes d&#039;alta gamma, especialment als banys<\/strong>. Si busqueu un acabat sense juntes que combini luxe, tacte i durabilitat, el Tadelakt en banys \u00e9s <strong>la resposta definitiva.<\/strong><\/span><\/p>\t\t\t\t\t\t\t\t<\/div>\n\t\t\t\t<\/div>\n\t\t\t\t<div class=\"elementor-element elementor-element-2357f4d elementor-widget elementor-widget-text-editor\" data-id=\"2357f4d\" data-element_type=\"widget\" data-widget_type=\"text-editor.default\">\n\t\t\t\t<div class=\"elementor-widget-container\">\n\t\t\t\t\t\t\t\t\t<h3><b>Tadelakt a Banys: La Qu\u00edmica Ancestral Darrere de l&#039;Acabat<\/b><\/h3>\t\t\t\t\t\t\t\t<\/div>\n\t\t\t\t<\/div>\n\t\t\t\t<div class=\"elementor-element elementor-element-cb43620 elementor-widget elementor-widget-text-editor\" data-id=\"cb43620\" data-element_type=\"widget\" data-widget_type=\"text-editor.default\">\n\t\t\t\t<div class=\"elementor-widget-container\">\n\t\t\t\t\t\t\t\t\t<p><span style=\"color: #030140;\"><span style=\"font-weight: 400;\">La <strong>ess\u00e8ncia del Tadelakt<\/strong> resideix a la seva<strong> composici\u00f3<\/strong> i la seva <strong>t\u00e8cnica d&#039;aplicaci\u00f3<\/strong>. Es basa en una cal\u00e7 especial de Marr\u00e0queix que es barreja amb pigments naturals, creant una base s\u00f2lida i org\u00e0nica. La clau de la seva brillantor i el seu tacte sed\u00f3s rau en el <\/span><b>polit a m\u00e0<\/b><span style=\"font-weight: 400;\"> final, realitzat tradicionalment amb c\u00f2dols i sab\u00f3 negre. Aquest proc\u00e9s artesanal \u00e9s el que li atorga la seva singularitat, garantint un <strong>acabat \u00fanic i irrepetible<\/strong> a cada superf\u00edcie.<\/span><\/span><\/p>\t\t\t\t\t\t\t\t<\/div>\n\t\t\t\t<\/div>\n\t\t\t\t<div class=\"elementor-element elementor-element-af6bb41 elementor-widget elementor-widget-image\" data-id=\"af6bb41\" data-element_type=\"widget\" data-widget_type=\"image.default\">\n\t\t\t\t<div class=\"elementor-widget-container\">\n\t\t\t\t\t\t\t\t\t\t\t\t\t\t\t<img decoding=\"async\" width=\"540\" height=\"497\" src=\"https:\/\/calaestudi.com\/wp-content\/uploads\/2025\/11\/Captura-de-pantalla-2025-11-25-155928.png\" class=\"attachment-full size-full wp-image-2104\" alt=\"\" srcset=\"https:\/\/calaestudi.com\/wp-content\/uploads\/2025\/11\/Captura-de-pantalla-2025-11-25-155928.png 540w, https:\/\/calaestudi.com\/wp-content\/uploads\/2025\/11\/Captura-de-pantalla-2025-11-25-155928-300x276.png 300w, https:\/\/calaestudi.com\/wp-content\/uploads\/2025\/11\/Captura-de-pantalla-2025-11-25-155928-13x12.png 13w\" sizes=\"(max-width: 540px) 100vw, 540px\" \/>\t\t\t\t\t\t\t\t\t\t\t\t\t\t\t<\/div>\n\t\t\t\t<\/div>\n\t\t\t\t<div class=\"elementor-element elementor-element-fbc5e0a elementor-widget elementor-widget-text-editor\" data-id=\"fbc5e0a\" data-element_type=\"widget\" data-widget_type=\"text-editor.default\">\n\t\t\t\t<div class=\"elementor-widget-container\">\n\t\t\t\t\t\t\t\t\t<h3><b>An\u00e0lisi Professional: Per qu\u00e8 Tadelakt Guanya al Microciment a Banys de Luxe<\/b><\/h3>\t\t\t\t\t\t\t\t<\/div>\n\t\t\t\t<\/div>\n\t\t\t\t<div class=\"elementor-element elementor-element-4093d5d elementor-widget elementor-widget-text-editor\" data-id=\"4093d5d\" data-element_type=\"widget\" data-widget_type=\"text-editor.default\">\n\t\t\t\t<div class=\"elementor-widget-container\">\n\t\t\t\t\t\t\t\t\t<p><span style=\"font-weight: 400; color: #030140;\">En projectes on es prioritza la calidesa, la salut dels materials i l&#039;autenticitat est\u00e8tica, el nostre estudi s&#039;inclina pel Tadelakt.<\/span><\/p><ul><li style=\"font-weight: 400;\" aria-level=\"1\"><span style=\"color: #030140;\"><b>Est\u00e8tica Org\u00e0nica i Tacte:<\/b><span style=\"font-weight: 400;\"> Mentre que el microciment ofereix un acabat uniforme, fred i de sensaci\u00f3 industrial, el Tadelakt proporciona una textura suau, c\u00e0lida i sedosa al tacte, resultat del poliment manual. Aquesta qualitat artesanal es tradueix en una profunditat visual que \u00e9s impossible de replicar amb materials sint\u00e8tics.<\/span><\/span><\/li><li style=\"font-weight: 400;\" aria-level=\"1\"><span style=\"color: #030140;\"><b>Transpirabilitat i Salut Constructiva:<\/b><span style=\"font-weight: 400;\"> Una difer\u00e8ncia crucial \u00e9s com manegen la humitat. El Tadelakt, en ser de base calc\u00e0ria, \u00e9s <\/span><b>altament transpirable<\/b><span style=\"font-weight: 400;\">, permetent que les parets regulin la humitat de l&#039;ambient i actu\u00efn com un potent antif\u00fangic natural. El microciment, per contra, est\u00e0 totalment segellat, cosa que pot atrapar la humitat si la base no \u00e9s perfecta.<\/span><\/span><\/li><li style=\"font-weight: 400;\" aria-level=\"1\"><span style=\"color: #030140;\"><b>Segellat Natural i Durabilitat:<\/b><span style=\"font-weight: 400;\"> El <\/span><b>Tadelakt<\/b><span style=\"font-weight: 400;\"> desenvolupa la seva resist\u00e8ncia a l&#039;aigua a trav\u00e9s del <\/span><b>sabonat<\/b><span style=\"font-weight: 400;\"> amb sab\u00f3 negre, una reacci\u00f3 qu\u00edmica que crea un segellat intr\u00ednsecament hidr\u00f2fug i durador. Aix\u00f2 ens proporciona m\u00e9s confian\u00e7a en el seu rendiment a llarg termini en zones cr\u00edtiques com a dutxes, a difer\u00e8ncia de la depend\u00e8ncia del microciment d&#039;un segellador sint\u00e8tic que es pot degradar.<\/span><\/span><\/li><\/ul>\t\t\t\t\t\t\t\t<\/div>\n\t\t\t\t<\/div>\n\t\t\t\t<div class=\"elementor-element elementor-element-b7d183c elementor-widget elementor-widget-text-editor\" data-id=\"b7d183c\" data-element_type=\"widget\" data-widget_type=\"text-editor.default\">\n\t\t\t\t<div class=\"elementor-widget-container\">\n\t\t\t\t\t\t\t\t\t<h3><b>El Secret Essencial del Segellat i la Resist\u00e8ncia a l&#039;Aigua del Tadelakt<\/b><\/h3>\t\t\t\t\t\t\t\t<\/div>\n\t\t\t\t<\/div>\n\t\t\t\t<div class=\"elementor-element elementor-element-be5644f elementor-widget elementor-widget-image\" data-id=\"be5644f\" data-element_type=\"widget\" data-widget_type=\"image.default\">\n\t\t\t\t<div class=\"elementor-widget-container\">\n\t\t\t\t\t\t\t\t\t\t\t\t\t\t\t<img decoding=\"async\" width=\"390\" height=\"502\" src=\"https:\/\/calaestudi.com\/wp-content\/uploads\/2025\/11\/Captura-de-pantalla-2025-11-25-155109.png\" class=\"attachment-full size-full wp-image-2102\" alt=\"\" srcset=\"https:\/\/calaestudi.com\/wp-content\/uploads\/2025\/11\/Captura-de-pantalla-2025-11-25-155109.png 390w, https:\/\/calaestudi.com\/wp-content\/uploads\/2025\/11\/Captura-de-pantalla-2025-11-25-155109-233x300.png 233w, https:\/\/calaestudi.com\/wp-content\/uploads\/2025\/11\/Captura-de-pantalla-2025-11-25-155109-9x12.png 9w\" sizes=\"(max-width: 390px) 100vw, 390px\" \/>\t\t\t\t\t\t\t\t\t\t\t\t\t\t\t<\/div>\n\t\t\t\t<\/div>\n\t\t\t\t<div class=\"elementor-element elementor-element-ad256ad elementor-widget elementor-widget-text-editor\" data-id=\"ad256ad\" data-element_type=\"widget\" data-widget_type=\"text-editor.default\">\n\t\t\t\t<div class=\"elementor-widget-container\">\n\t\t\t\t\t\t\t\t\t<p><span style=\"font-weight: 400; color: #030140;\">La<strong> resist\u00e8ncia a l&#039;aigua incre\u00efble<\/strong> del Tadelakt s&#039;aconsegueix gr\u00e0cies a un proc\u00e9s ancestral: un cop aplicat i polit, es frega amb <strong>sab\u00f3 negre<\/strong>. Aquest proc\u00e9s segella els microporus, dotant-lo de propietats hidr\u00f2fugues sense sacrificar la seva capacitat de transpiraci\u00f3. Aquesta qualitat el fa ideal no nom\u00e9s per <strong>parets<\/strong>, sin\u00f3 tamb\u00e9 per crear <strong>lavabos integrats i plats de dutxa<\/strong> sense juntes, oferint una continu\u00eftat visual perfecta i una neteja excepcional.<\/span><\/p>\t\t\t\t\t\t\t\t<\/div>\n\t\t\t\t<\/div>\n\t\t\t\t<div class=\"elementor-element elementor-element-ccc07b2 elementor-widget elementor-widget-text-editor\" data-id=\"ccc07b2\" data-element_type=\"widget\" data-widget_type=\"text-editor.default\">\n\t\t\t\t<div class=\"elementor-widget-container\">\n\t\t\t\t\t\t\t\t\t<h2><b>5 Claus per a la Cura B\u00e0sica del Tadelakt a Banys<\/b><\/h2>\t\t\t\t\t\t\t\t<\/div>\n\t\t\t\t<\/div>\n\t\t\t\t<div class=\"elementor-element elementor-element-b608658 elementor-widget elementor-widget-text-editor\" data-id=\"b608658\" data-element_type=\"widget\" data-widget_type=\"text-editor.default\">\n\t\t\t\t<div class=\"elementor-widget-container\">\n\t\t\t\t\t\t\t\t\t<p><span style=\"font-weight: 400; color: #030140;\">Per mantenir la bellesa i la capa hidr\u00f2fuga del Tadelakt, <strong>el manteniment \u00e9s crucial<\/strong>. Sempre s&#039;ha d&#039;utilitzar <strong>sab\u00f3 neutre i aigua<\/strong> per a la neteja, evitant productes qu\u00edmics o abrasius que puguin danyar el segellat natural. A m\u00e9s, al nostre estudi recomanem un<strong> re-sabonat<\/strong> diari cada pocs anys per renovar la protecci\u00f3 i assegurar la longevitat del material en el temps.<\/span><\/p>\t\t\t\t\t\t\t\t<\/div>\n\t\t\t\t<\/div>\n\t\t\t\t<div class=\"elementor-element elementor-element-aeaf705 elementor-widget elementor-widget-image\" data-id=\"aeaf705\" data-element_type=\"widget\" data-widget_type=\"image.default\">\n\t\t\t\t<div class=\"elementor-widget-container\">\n\t\t\t\t\t\t\t\t\t\t\t\t\t\t\t<img loading=\"lazy\" decoding=\"async\" width=\"805\" height=\"487\" src=\"https:\/\/calaestudi.com\/wp-content\/uploads\/2025\/11\/Captura-de-pantalla-2025-11-25-160219.png\" class=\"attachment-full size-full wp-image-2105\" alt=\"\" srcset=\"https:\/\/calaestudi.com\/wp-content\/uploads\/2025\/11\/Captura-de-pantalla-2025-11-25-160219.png 805w, https:\/\/calaestudi.com\/wp-content\/uploads\/2025\/11\/Captura-de-pantalla-2025-11-25-160219-300x181.png 300w, https:\/\/calaestudi.com\/wp-content\/uploads\/2025\/11\/Captura-de-pantalla-2025-11-25-160219-768x465.png 768w, https:\/\/calaestudi.com\/wp-content\/uploads\/2025\/11\/Captura-de-pantalla-2025-11-25-160219-18x12.png 18w\" sizes=\"(max-width: 805px) 100vw, 805px\" \/>\t\t\t\t\t\t\t\t\t\t\t\t\t\t\t<\/div>\n\t\t\t\t<\/div>\n\t\t\t\t<div class=\"elementor-element elementor-element-97662b3 elementor-widget elementor-widget-text-editor\" data-id=\"97662b3\" data-element_type=\"widget\" data-widget_type=\"text-editor.default\">\n\t\t\t\t<div class=\"elementor-widget-container\">\n\t\t\t\t\t\t\t\t\t<p><span style=\"color: #030140;\"><b><span style=\"font-weight: 400;\">Per portar la teva inspiraci\u00f3 al seg\u00fcent nivell, pots fer una ullada a <strong><a href=\"https:\/\/www.instagram.com\/calaestudi\/\" target=\"_blank\" rel=\"noopener\"><span style=\"text-decoration: underline;\">el nostre Instagram<\/span><\/a><\/strong> o veure tots els nostres projectes <\/span><span style=\"text-decoration: underline;\"><a href=\"https:\/\/www.instagram.com\/calaestudi\/\" target=\"_blank\" rel=\"noopener\">aqu\u00ed.<\/a><\/span><\/b><\/span><\/p>\t\t\t\t\t\t\t\t<\/div>\n\t\t\t\t<\/div>\n\t\t\t\t<\/div>\n\t\t<div class=\"elementor-element elementor-element-9661b78 e-flex e-con-boxed e-con e-parent\" data-id=\"9661b78\" data-element_type=\"container\">\n\t\t\t\t\t<div class=\"e-con-inner\">\n\t\t\t\t<div class=\"elementor-element elementor-element-6ef348e elementor-posts--align-left elementor-grid-3 elementor-grid-tablet-2 elementor-grid-mobile-1 elementor-posts--thumbnail-top elementor-widget elementor-widget-posts\" data-id=\"6ef348e\" data-element_type=\"widget\" data-settings=\"{&quot;classic_row_gap&quot;:{&quot;unit&quot;:&quot;px&quot;,&quot;size&quot;:32,&quot;sizes&quot;:[]},&quot;classic_columns&quot;:&quot;3&quot;,&quot;classic_columns_tablet&quot;:&quot;2&quot;,&quot;classic_columns_mobile&quot;:&quot;1&quot;,&quot;classic_row_gap_tablet&quot;:{&quot;unit&quot;:&quot;px&quot;,&quot;size&quot;:&quot;&quot;,&quot;sizes&quot;:[]},&quot;classic_row_gap_mobile&quot;:{&quot;unit&quot;:&quot;px&quot;,&quot;size&quot;:&quot;&quot;,&quot;sizes&quot;:[]}}\" data-widget_type=\"posts.classic\">\n\t\t\t\t<div class=\"elementor-widget-container\">\n\t\t\t\t\t\t\t<div class=\"elementor-posts-container elementor-posts elementor-posts--skin-classic elementor-grid\" role=\"list\">\n\t\t\t\t<article class=\"elementor-post elementor-grid-item post-3368 post type-post status-publish format-standard has-post-thumbnail hentry category-uncategorized\" role=\"listitem\">\n\t\t\t\t<a class=\"elementor-post__thumbnail__link\" href=\"https:\/\/calaestudi.com\/ca\/que-inclou-la-feina-dun-arquitecte\/\" tabindex=\"-1\">\n\t\t\t<div class=\"elementor-post__thumbnail\"><img loading=\"lazy\" decoding=\"async\" width=\"1024\" height=\"576\" src=\"https:\/\/calaestudi.com\/wp-content\/uploads\/2025\/12\/cala-estudi_escaletes-sant-pol-de-mar_dormitorio-ventanales-acristalados.jpg\" class=\"attachment-full size-full wp-image-2806\" alt=\"Qu\u00e8 inclou la feina d&#039;un arquitecte per a una casa unifamiliar al Maresme\" srcset=\"https:\/\/calaestudi.com\/wp-content\/uploads\/2025\/12\/cala-estudi_escaletes-sant-pol-de-mar_dormitorio-ventanales-acristalados.jpg 1024w, https:\/\/calaestudi.com\/wp-content\/uploads\/2025\/12\/cala-estudi_escaletes-sant-pol-de-mar_dormitorio-ventanales-acristalados-300x169.jpg 300w, https:\/\/calaestudi.com\/wp-content\/uploads\/2025\/12\/cala-estudi_escaletes-sant-pol-de-mar_dormitorio-ventanales-acristalados-768x432.jpg 768w, https:\/\/calaestudi.com\/wp-content\/uploads\/2025\/12\/cala-estudi_escaletes-sant-pol-de-mar_dormitorio-ventanales-acristalados-18x10.jpg 18w\" sizes=\"(max-width: 1024px) 100vw, 1024px\" \/><\/div>\n\t\t<\/a>\n\t\t\t\t<div class=\"elementor-post__text\">\n\t\t\t\t<h3 class=\"elementor-post__title\">\n\t\t\t<a href=\"https:\/\/calaestudi.com\/ca\/que-inclou-la-feina-dun-arquitecte\/\">\n\t\t\t\tQu\u00e8 inclou el treball d?un arquitecte per a una casa unifamiliar al Maresme | Cala Estudi\t\t\t<\/a>\n\t\t<\/h3>\n\t\t\n\t\t<a class=\"elementor-post__read-more\" href=\"https:\/\/calaestudi.com\/ca\/que-inclou-la-feina-dun-arquitecte\/\" aria-label=\"Read more about Qu\u00e9 incluye el trabajo de un arquitecto para una casa unifamiliar en el Maresme | Cala Estudi\" tabindex=\"-1\">\n\t\t\tLlegir m\u00e9s\t\t<\/a>\n\n\t\t\t\t<\/div>\n\t\t\t\t<\/article>\n\t\t\t\t<article class=\"elementor-post elementor-grid-item post-3356 post type-post status-publish format-standard has-post-thumbnail hentry category-uncategorized\" role=\"listitem\">\n\t\t\t\t<a class=\"elementor-post__thumbnail__link\" href=\"https:\/\/calaestudi.com\/ca\/proces-per-construir-una-casa-al-maresme\/\" tabindex=\"-1\">\n\t\t\t<div class=\"elementor-post__thumbnail\"><img loading=\"lazy\" decoding=\"async\" width=\"1881\" height=\"1254\" src=\"https:\/\/calaestudi.com\/wp-content\/uploads\/2025\/04\/3.png\" class=\"attachment-full size-full wp-image-1110\" alt=\"proc\u00e9s per construir una casa al Maresme\" srcset=\"https:\/\/calaestudi.com\/wp-content\/uploads\/2025\/04\/3.png 1881w, https:\/\/calaestudi.com\/wp-content\/uploads\/2025\/04\/3-300x200.png 300w, https:\/\/calaestudi.com\/wp-content\/uploads\/2025\/04\/3-1024x683.png 1024w, https:\/\/calaestudi.com\/wp-content\/uploads\/2025\/04\/3-768x512.png 768w, https:\/\/calaestudi.com\/wp-content\/uploads\/2025\/04\/3-1536x1024.png 1536w, https:\/\/calaestudi.com\/wp-content\/uploads\/2025\/04\/3-18x12.png 18w\" sizes=\"(max-width: 1881px) 100vw, 1881px\" \/><\/div>\n\t\t<\/a>\n\t\t\t\t<div class=\"elementor-post__text\">\n\t\t\t\t<h3 class=\"elementor-post__title\">\n\t\t\t<a href=\"https:\/\/calaestudi.com\/ca\/proces-per-construir-una-casa-al-maresme\/\">\n\t\t\t\tProc\u00e9s per construir una casa al Maresme: fases i temps | Cala Estudi\t\t\t<\/a>\n\t\t<\/h3>\n\t\t\n\t\t<a class=\"elementor-post__read-more\" href=\"https:\/\/calaestudi.com\/ca\/proces-per-construir-una-casa-al-maresme\/\" aria-label=\"Read more about Proceso para construir una casa en el Maresme: fases y tiempos | Cala Estudi\" tabindex=\"-1\">\n\t\t\tLlegir m\u00e9s\t\t<\/a>\n\n\t\t\t\t<\/div>\n\t\t\t\t<\/article>\n\t\t\t\t<article class=\"elementor-post elementor-grid-item post-3336 post type-post status-publish format-standard hentry category-uncategorized\" role=\"listitem\">\n\t\t\t\t<div class=\"elementor-post__text\">\n\t\t\t\t<h3 class=\"elementor-post__title\">\n\t\t\t<a href=\"https:\/\/calaestudi.com\/ca\/comprar-un-terreny-al-maresme\/\">\n\t\t\t\tComprar un terreny al Maresme: qu\u00e8 cal revisar abans de construir | Cala Estudi\t\t\t<\/a>\n\t\t<\/h3>\n\t\t\n\t\t<a class=\"elementor-post__read-more\" href=\"https:\/\/calaestudi.com\/ca\/comprar-un-terreny-al-maresme\/\" aria-label=\"Read more about Comprar un terreno en el Maresme: qu\u00e9 revisar antes de construir | Cala Estudi\" tabindex=\"-1\">\n\t\t\tLlegir m\u00e9s\t\t<\/a>\n\n\t\t\t\t<\/div>\n\t\t\t\t<\/article>\n\t\t\t\t<\/div>\n\t\t\n\t\t\t\t\t\t<\/div>\n\t\t\t\t<\/div>\n\t\t\t\t\t<\/div>\n\t\t\t\t<\/div>\n\t\t\t\t<\/div>","protected":false},"excerpt":{"rendered":"<p>El Luxe sense Juntes: Descobrint per qu\u00e8 la cal\u00e7 supera el microciment a Tadelakt a Banys. El Tadelakt no \u00e9s nom\u00e9s un revestiment; \u00e9s una declaraci\u00f3 d\u02bbintencions en el disseny d\u02bbinteriors. Originari de l&#039;arquitectura ancestral de Marr\u00e0queix, aquest estuc de cal\u00e7 polida a m\u00e0 ha transcendit fronteres<\/p>","protected":false},"author":2,"featured_media":1926,"comment_status":"open","ping_status":"open","sticky":false,"template":"","format":"standard","meta":{"footnotes":""},"categories":[1],"tags":[],"class_list":["post-2081","post","type-post","status-publish","format-standard","has-post-thumbnail","hentry","category-uncategorized"],"_links":{"self":[{"href":"https:\/\/calaestudi.com\/ca\/wp-json\/wp\/v2\/posts\/2081","targetHints":{"allow":["GET"]}}],"collection":[{"href":"https:\/\/calaestudi.com\/ca\/wp-json\/wp\/v2\/posts"}],"about":[{"href":"https:\/\/calaestudi.com\/ca\/wp-json\/wp\/v2\/types\/post"}],"author":[{"embeddable":true,"href":"https:\/\/calaestudi.com\/ca\/wp-json\/wp\/v2\/users\/2"}],"replies":[{"embeddable":true,"href":"https:\/\/calaestudi.com\/ca\/wp-json\/wp\/v2\/comments?post=2081"}],"version-history":[{"count":28,"href":"https:\/\/calaestudi.com\/ca\/wp-json\/wp\/v2\/posts\/2081\/revisions"}],"predecessor-version":[{"id":2654,"href":"https:\/\/calaestudi.com\/ca\/wp-json\/wp\/v2\/posts\/2081\/revisions\/2654"}],"wp:featuredmedia":[{"embeddable":true,"href":"https:\/\/calaestudi.com\/ca\/wp-json\/wp\/v2\/media\/1926"}],"wp:attachment":[{"href":"https:\/\/calaestudi.com\/ca\/wp-json\/wp\/v2\/media?parent=2081"}],"wp:term":[{"taxonomy":"category","embeddable":true,"href":"https:\/\/calaestudi.com\/ca\/wp-json\/wp\/v2\/categories?post=2081"},{"taxonomy":"post_tag","embeddable":true,"href":"https:\/\/calaestudi.com\/ca\/wp-json\/wp\/v2\/tags?post=2081"}],"curies":[{"name":"wp","href":"https:\/\/api.w.org\/{rel}","templated":true}]}}