{"id":2119,"date":"2025-12-23T10:00:00","date_gmt":"2025-12-23T10:00:00","guid":{"rendered":"https:\/\/calaestudi.com\/?p=2119"},"modified":"2025-12-11T11:01:01","modified_gmt":"2025-12-11T11:01:01","slug":"revestimiento-de-zinc","status":"publish","type":"post","link":"https:\/\/calaestudi.com\/ca\/revestiment-de-zinc\/","title":{"rendered":"Revestiment de Zinc: Els 3 Beneficis M\u00e9s Impactants per a una Fa\u00e7ana de Vanguardia"},"content":{"rendered":"<div data-elementor-type=\"wp-post\" data-elementor-id=\"2119\" class=\"elementor elementor-2119\" data-elementor-post-type=\"post\">\n\t\t\t\t<div class=\"elementor-element elementor-element-a73b99e e-con-full e-flex e-con e-parent\" data-id=\"a73b99e\" data-element_type=\"container\">\n\t\t\t\t<div class=\"elementor-element elementor-element-bd80db5 elementor-widget elementor-widget-image\" data-id=\"bd80db5\" data-element_type=\"widget\" data-widget_type=\"image.default\">\n\t\t\t\t<div class=\"elementor-widget-container\">\n\t\t\t\t\t\t\t\t\t\t\t\t\t\t\t<img fetchpriority=\"high\" decoding=\"async\" width=\"736\" height=\"736\" src=\"https:\/\/calaestudi.com\/wp-content\/uploads\/2025\/11\/Zinc_-Building-Uses-Attributes-Price-And-Design-Trends.jpg\" class=\"attachment-full size-full wp-image-2440\" alt=\"revestiment de zinc - fa\u00e7anes\" srcset=\"https:\/\/calaestudi.com\/wp-content\/uploads\/2025\/11\/Zinc_-Building-Uses-Attributes-Price-And-Design-Trends.jpg 736w, https:\/\/calaestudi.com\/wp-content\/uploads\/2025\/11\/Zinc_-Building-Uses-Attributes-Price-And-Design-Trends-300x300.jpg 300w, https:\/\/calaestudi.com\/wp-content\/uploads\/2025\/11\/Zinc_-Building-Uses-Attributes-Price-And-Design-Trends-150x150.jpg 150w, https:\/\/calaestudi.com\/wp-content\/uploads\/2025\/11\/Zinc_-Building-Uses-Attributes-Price-And-Design-Trends-12x12.jpg 12w\" sizes=\"(max-width: 736px) 100vw, 736px\" \/>\t\t\t\t\t\t\t\t\t\t\t\t\t\t\t<\/div>\n\t\t\t\t<\/div>\n\t\t\t\t<div class=\"elementor-element elementor-element-ffbc517 elementor-widget elementor-widget-text-editor\" data-id=\"ffbc517\" data-element_type=\"widget\" data-widget_type=\"text-editor.default\">\n\t\t\t\t<div class=\"elementor-widget-container\">\n\t\t\t\t\t\t\t\t\t<h2><b>L&#039;Estrat\u00e8gia de la P\u00e0tina que Garanteix 100 anys de Longevitat al Revestiment de Zinc per a Fa\u00e7anes<\/b><\/h2>\t\t\t\t\t\t\t\t<\/div>\n\t\t\t\t<\/div>\n\t\t\t\t<div class=\"elementor-element elementor-element-fcd13e7 elementor-widget elementor-widget-text-editor\" data-id=\"fcd13e7\" data-element_type=\"widget\" data-widget_type=\"text-editor.default\">\n\t\t\t\t<div class=\"elementor-widget-container\">\n\t\t\t\t\t\t\t\t\t<p dir=\"ltr\" style=\"line-height: 1.38; margin-top: 0pt; margin-bottom: 12pt;\"><span style=\"font-weight: 400; color: #030140;\">El Zinc \u00e9s un material que ha passat de ser un simple component de cobertes a un element<strong> definitori de l&#039;arquitectura contempor\u00e0nia<\/strong>. La durabilitat, flexibilitat i el proc\u00e9s natural d&#039;envelliment el converteixen en una soluci\u00f3 de revestiment d&#039;alt valor. Si busqueu <strong>impacte visual i sostenibilitat<\/strong>, el Revestiment de Zinc \u00e9s la soluci\u00f3 ideal per a la seva fa\u00e7ana.<\/span><\/p>\t\t\t\t\t\t\t\t<\/div>\n\t\t\t\t<\/div>\n\t\t\t\t<div class=\"elementor-element elementor-element-2357f4d elementor-widget elementor-widget-text-editor\" data-id=\"2357f4d\" data-element_type=\"widget\" data-widget_type=\"text-editor.default\">\n\t\t\t\t<div class=\"elementor-widget-container\">\n\t\t\t\t\t\t\t\t\t<h3><b>El Revestiment de Zinc: L&#039;Autoprotecci\u00f3 Natural (El Secret de la Patina)<\/b><\/h3>\t\t\t\t\t\t\t\t<\/div>\n\t\t\t\t<\/div>\n\t\t\t\t<div class=\"elementor-element elementor-element-cb43620 elementor-widget elementor-widget-text-editor\" data-id=\"cb43620\" data-element_type=\"widget\" data-widget_type=\"text-editor.default\">\n\t\t\t\t<div class=\"elementor-widget-container\">\n\t\t\t\t\t\t\t\t\t<p><span style=\"font-weight: 400; color: #030140;\">La caracter\u00edstica m\u00e9s fascinant del Zinc \u00e9s la seva <strong>capacitat d&#039;autoprotecci\u00f3<\/strong>. En entrar en contacte amb l&#039;aire i la humitat, el Zinc forma una capa de carbonat de zinc coneguda com <strong>patina<\/strong>. Aquesta patina \u00e9s densa i adherent, actuant com una <strong>barrera<\/strong> que protegeix el material base de la corrosi\u00f3. \u00c9s un proc\u00e9s viu en qu\u00e8 la <strong>fa\u00e7ana evoluciona est\u00e8ticament<\/strong>, passant d&#039;un to met\u00e0l\u00b7lic a un elegant gris blav\u00f3s o antracita.<\/span><\/p>\t\t\t\t\t\t\t\t<\/div>\n\t\t\t\t<\/div>\n\t\t\t\t<div class=\"elementor-element elementor-element-af6bb41 elementor-widget elementor-widget-image\" data-id=\"af6bb41\" data-element_type=\"widget\" data-widget_type=\"image.default\">\n\t\t\t\t<div class=\"elementor-widget-container\">\n\t\t\t\t\t\t\t\t\t\t\t\t\t\t\t<img decoding=\"async\" width=\"736\" height=\"482\" src=\"https:\/\/calaestudi.com\/wp-content\/uploads\/2025\/11\/descarga-52.jpg\" class=\"attachment-large size-large wp-image-2441\" alt=\"\" srcset=\"https:\/\/calaestudi.com\/wp-content\/uploads\/2025\/11\/descarga-52.jpg 736w, https:\/\/calaestudi.com\/wp-content\/uploads\/2025\/11\/descarga-52-300x196.jpg 300w, https:\/\/calaestudi.com\/wp-content\/uploads\/2025\/11\/descarga-52-18x12.jpg 18w\" sizes=\"(max-width: 736px) 100vw, 736px\" \/>\t\t\t\t\t\t\t\t\t\t\t\t\t\t\t<\/div>\n\t\t\t\t<\/div>\n\t\t\t\t<div class=\"elementor-element elementor-element-fbc5e0a elementor-widget elementor-widget-text-editor\" data-id=\"fbc5e0a\" data-element_type=\"widget\" data-widget_type=\"text-editor.default\">\n\t\t\t\t<div class=\"elementor-widget-container\">\n\t\t\t\t\t\t\t\t\t<h3><b>3 Beneficis Impactants del Revestiment de Zinc a Fa\u00e7anes Ventilades<\/b><\/h3>\t\t\t\t\t\t\t\t<\/div>\n\t\t\t\t<\/div>\n\t\t\t\t<div class=\"elementor-element elementor-element-4093d5d elementor-widget elementor-widget-text-editor\" data-id=\"4093d5d\" data-element_type=\"widget\" data-widget_type=\"text-editor.default\">\n\t\t\t\t<div class=\"elementor-widget-container\">\n\t\t\t\t\t\t\t\t\t<p><span style=\"font-weight: 400; color: #030140;\">L\u00b4elecci\u00f3 del Zinc es justifica per beneficis tangibles. En primer lloc, ofereix una <strong>longevitat imparable<\/strong> que pot superar els <strong>100 anys<\/strong> amb un manteniment m\u00ednim, superant la majoria dels materials. En segon lloc, \u00e9s un material<strong> 100% reciclable<\/strong>, cosa que el posiciona com una opci\u00f3 sostenible crucial i contribueix a certificacions com LEED. Finalment, instal\u00b7lat com a fa\u00e7ana ventilada, <strong>optimitza<\/strong> significativament la<strong> efici\u00e8ncia energ\u00e8tica<\/strong> de l&#039;edifici en generar una cambra d&#039;aire protectora.<\/span><\/p>\t\t\t\t\t\t\t\t<\/div>\n\t\t\t\t<\/div>\n\t\t\t\t<div class=\"elementor-element elementor-element-b7d183c elementor-widget elementor-widget-text-editor\" data-id=\"b7d183c\" data-element_type=\"widget\" data-widget_type=\"text-editor.default\">\n\t\t\t\t<div class=\"elementor-widget-container\">\n\t\t\t\t\t\t\t\t\t<h3><b>Tipus d&#039;Instal\u00b7laci\u00f3 de Revestiment de Zinc: Solucions T\u00e8cniques per a Arquitectes<\/b><\/h3>\t\t\t\t\t\t\t\t<\/div>\n\t\t\t\t<\/div>\n\t\t\t\t<div class=\"elementor-element elementor-element-be5644f elementor-widget elementor-widget-image\" data-id=\"be5644f\" data-element_type=\"widget\" data-widget_type=\"image.default\">\n\t\t\t\t<div class=\"elementor-widget-container\">\n\t\t\t\t\t\t\t\t\t\t\t\t\t\t\t<img decoding=\"async\" width=\"528\" height=\"455\" src=\"https:\/\/calaestudi.com\/wp-content\/uploads\/2025\/11\/Galeria-de-Casas-de-metal-en-Argentina_-10-proyectos-con-revestimiento-exterior-de-chapa-15.jpg\" class=\"attachment-large size-large wp-image-2442\" alt=\"\" srcset=\"https:\/\/calaestudi.com\/wp-content\/uploads\/2025\/11\/Galeria-de-Casas-de-metal-en-Argentina_-10-proyectos-con-revestimiento-exterior-de-chapa-15.jpg 528w, https:\/\/calaestudi.com\/wp-content\/uploads\/2025\/11\/Galeria-de-Casas-de-metal-en-Argentina_-10-proyectos-con-revestimiento-exterior-de-chapa-15-300x259.jpg 300w, https:\/\/calaestudi.com\/wp-content\/uploads\/2025\/11\/Galeria-de-Casas-de-metal-en-Argentina_-10-proyectos-con-revestimiento-exterior-de-chapa-15-14x12.jpg 14w\" sizes=\"(max-width: 528px) 100vw, 528px\" \/>\t\t\t\t\t\t\t\t\t\t\t\t\t\t\t<\/div>\n\t\t\t\t<\/div>\n\t\t\t\t<div class=\"elementor-element elementor-element-ad256ad elementor-widget elementor-widget-text-editor\" data-id=\"ad256ad\" data-element_type=\"widget\" data-widget_type=\"text-editor.default\">\n\t\t\t\t<div class=\"elementor-widget-container\">\n\t\t\t\t\t\t\t\t\t<p><span style=\"font-weight: 400; color: #030140;\">La <strong>mal\u00b7leabilitat<\/strong> del Zinc permet al nostre estudi crear <strong>formes complexes<\/strong> i geometries corbes. El sistema m\u00e9s habitual \u00e9s el de<strong> junta al\u00e7ada<\/strong>, que crea l\u00ednies verticals que emfatitzen l&#039;al\u00e7ada de l&#039;edifici i en garanteixen una <strong>perfecta evacuaci\u00f3 de laigua<\/strong>. El material s&#039;instal\u00b7la generalment com una fa\u00e7ana ventilada, cosa que garanteix l&#039;a\u00efllament i la durabilitat a llarg termini.<\/span><\/p>\t\t\t\t\t\t\t\t<\/div>\n\t\t\t\t<\/div>\n\t\t\t\t<div class=\"elementor-element elementor-element-aeaf705 elementor-widget elementor-widget-image\" data-id=\"aeaf705\" data-element_type=\"widget\" data-widget_type=\"image.default\">\n\t\t\t\t<div class=\"elementor-widget-container\">\n\t\t\t\t\t\t\t\t\t\t\t\t\t\t\t<img loading=\"lazy\" decoding=\"async\" width=\"736\" height=\"922\" src=\"https:\/\/calaestudi.com\/wp-content\/uploads\/2025\/12\/descarga-53.jpg\" class=\"attachment-medium_large size-medium_large wp-image-2443\" alt=\"\" srcset=\"https:\/\/calaestudi.com\/wp-content\/uploads\/2025\/12\/descarga-53.jpg 736w, https:\/\/calaestudi.com\/wp-content\/uploads\/2025\/12\/descarga-53-239x300.jpg 239w, https:\/\/calaestudi.com\/wp-content\/uploads\/2025\/12\/descarga-53-10x12.jpg 10w\" sizes=\"(max-width: 736px) 100vw, 736px\" \/>\t\t\t\t\t\t\t\t\t\t\t\t\t\t\t<\/div>\n\t\t\t\t<\/div>\n\t\t\t\t<div class=\"elementor-element elementor-element-97662b3 elementor-widget elementor-widget-text-editor\" data-id=\"97662b3\" data-element_type=\"widget\" data-widget_type=\"text-editor.default\">\n\t\t\t\t<div class=\"elementor-widget-container\">\n\t\t\t\t\t\t\t\t\t<p><span style=\"color: #030140;\"><b><span style=\"font-weight: 400;\">Per portar la teva inspiraci\u00f3 al seg\u00fcent nivell, pots fer una ullada a <strong><a href=\"https:\/\/www.instagram.com\/calaestudi\/\" target=\"_blank\" rel=\"noopener\"><span style=\"text-decoration: underline;\">el nostre Instagram<\/span><\/a><\/strong> o veure tots els nostres projectes <\/span><span style=\"text-decoration: underline;\"><a href=\"https:\/\/www.instagram.com\/calaestudi\/\" target=\"_blank\" rel=\"noopener\">aqu\u00ed.<\/a><\/span><\/b><\/span><\/p>\t\t\t\t\t\t\t\t<\/div>\n\t\t\t\t<\/div>\n\t\t\t\t<\/div>\n\t\t<div class=\"elementor-element elementor-element-9661b78 e-flex e-con-boxed e-con e-parent\" data-id=\"9661b78\" data-element_type=\"container\">\n\t\t\t\t\t<div class=\"e-con-inner\">\n\t\t\t\t<div class=\"elementor-element elementor-element-6ef348e elementor-posts--align-left elementor-grid-3 elementor-grid-tablet-2 elementor-grid-mobile-1 elementor-posts--thumbnail-top elementor-widget elementor-widget-posts\" data-id=\"6ef348e\" data-element_type=\"widget\" data-settings=\"{&quot;classic_columns&quot;:&quot;3&quot;,&quot;classic_columns_tablet&quot;:&quot;2&quot;,&quot;classic_columns_mobile&quot;:&quot;1&quot;,&quot;classic_row_gap&quot;:{&quot;unit&quot;:&quot;px&quot;,&quot;size&quot;:35,&quot;sizes&quot;:[]},&quot;classic_row_gap_tablet&quot;:{&quot;unit&quot;:&quot;px&quot;,&quot;size&quot;:&quot;&quot;,&quot;sizes&quot;:[]},&quot;classic_row_gap_mobile&quot;:{&quot;unit&quot;:&quot;px&quot;,&quot;size&quot;:&quot;&quot;,&quot;sizes&quot;:[]}}\" data-widget_type=\"posts.classic\">\n\t\t\t\t<div class=\"elementor-widget-container\">\n\t\t\t\t\t\t\t<div class=\"elementor-posts-container elementor-posts elementor-posts--skin-classic elementor-grid\" role=\"list\">\n\t\t\t\t<article class=\"elementor-post elementor-grid-item post-3368 post type-post status-publish format-standard has-post-thumbnail hentry category-uncategorized\" role=\"listitem\">\n\t\t\t\t<a class=\"elementor-post__thumbnail__link\" href=\"https:\/\/calaestudi.com\/ca\/que-inclou-la-feina-dun-arquitecte\/\" tabindex=\"-1\">\n\t\t\t<div class=\"elementor-post__thumbnail\"><img loading=\"lazy\" decoding=\"async\" width=\"300\" height=\"169\" src=\"https:\/\/calaestudi.com\/wp-content\/uploads\/2025\/12\/cala-estudi_escaletes-sant-pol-de-mar_dormitorio-ventanales-acristalados-300x169.jpg\" class=\"attachment-medium size-medium wp-image-2806\" alt=\"Qu\u00e8 inclou la feina d&#039;un arquitecte per a una casa unifamiliar al Maresme\" srcset=\"https:\/\/calaestudi.com\/wp-content\/uploads\/2025\/12\/cala-estudi_escaletes-sant-pol-de-mar_dormitorio-ventanales-acristalados-300x169.jpg 300w, https:\/\/calaestudi.com\/wp-content\/uploads\/2025\/12\/cala-estudi_escaletes-sant-pol-de-mar_dormitorio-ventanales-acristalados-768x432.jpg 768w, https:\/\/calaestudi.com\/wp-content\/uploads\/2025\/12\/cala-estudi_escaletes-sant-pol-de-mar_dormitorio-ventanales-acristalados-18x10.jpg 18w, https:\/\/calaestudi.com\/wp-content\/uploads\/2025\/12\/cala-estudi_escaletes-sant-pol-de-mar_dormitorio-ventanales-acristalados.jpg 1024w\" sizes=\"(max-width: 300px) 100vw, 300px\" \/><\/div>\n\t\t<\/a>\n\t\t\t\t<div class=\"elementor-post__text\">\n\t\t\t\t<h3 class=\"elementor-post__title\">\n\t\t\t<a href=\"https:\/\/calaestudi.com\/ca\/que-inclou-la-feina-dun-arquitecte\/\">\n\t\t\t\tQu\u00e8 inclou el treball d?un arquitecte per a una casa unifamiliar al Maresme | Cala Estudi\t\t\t<\/a>\n\t\t<\/h3>\n\t\t\n\t\t<a class=\"elementor-post__read-more\" href=\"https:\/\/calaestudi.com\/ca\/que-inclou-la-feina-dun-arquitecte\/\" aria-label=\"Read more about Qu\u00e9 incluye el trabajo de un arquitecto para una casa unifamiliar en el Maresme | Cala Estudi\" tabindex=\"-1\">\n\t\t\tLlegir M\u00e9s\t\t<\/a>\n\n\t\t\t\t<\/div>\n\t\t\t\t<\/article>\n\t\t\t\t<article class=\"elementor-post elementor-grid-item post-3356 post type-post status-publish format-standard has-post-thumbnail hentry category-uncategorized\" role=\"listitem\">\n\t\t\t\t<a class=\"elementor-post__thumbnail__link\" href=\"https:\/\/calaestudi.com\/ca\/proces-per-construir-una-casa-al-maresme\/\" tabindex=\"-1\">\n\t\t\t<div class=\"elementor-post__thumbnail\"><img loading=\"lazy\" decoding=\"async\" width=\"300\" height=\"200\" src=\"https:\/\/calaestudi.com\/wp-content\/uploads\/2025\/04\/3-300x200.png\" class=\"attachment-medium size-medium wp-image-1110\" alt=\"proc\u00e9s per construir una casa al Maresme\" srcset=\"https:\/\/calaestudi.com\/wp-content\/uploads\/2025\/04\/3-300x200.png 300w, https:\/\/calaestudi.com\/wp-content\/uploads\/2025\/04\/3-1024x683.png 1024w, https:\/\/calaestudi.com\/wp-content\/uploads\/2025\/04\/3-768x512.png 768w, https:\/\/calaestudi.com\/wp-content\/uploads\/2025\/04\/3-1536x1024.png 1536w, https:\/\/calaestudi.com\/wp-content\/uploads\/2025\/04\/3-18x12.png 18w, https:\/\/calaestudi.com\/wp-content\/uploads\/2025\/04\/3.png 1881w\" sizes=\"(max-width: 300px) 100vw, 300px\" \/><\/div>\n\t\t<\/a>\n\t\t\t\t<div class=\"elementor-post__text\">\n\t\t\t\t<h3 class=\"elementor-post__title\">\n\t\t\t<a href=\"https:\/\/calaestudi.com\/ca\/proces-per-construir-una-casa-al-maresme\/\">\n\t\t\t\tProc\u00e9s per construir una casa al Maresme: fases i temps | Cala Estudi\t\t\t<\/a>\n\t\t<\/h3>\n\t\t\n\t\t<a class=\"elementor-post__read-more\" href=\"https:\/\/calaestudi.com\/ca\/proces-per-construir-una-casa-al-maresme\/\" aria-label=\"Read more about Proceso para construir una casa en el Maresme: fases y tiempos | Cala Estudi\" tabindex=\"-1\">\n\t\t\tLlegir M\u00e9s\t\t<\/a>\n\n\t\t\t\t<\/div>\n\t\t\t\t<\/article>\n\t\t\t\t<article class=\"elementor-post elementor-grid-item post-3336 post type-post status-publish format-standard hentry category-uncategorized\" role=\"listitem\">\n\t\t\t\t<div class=\"elementor-post__text\">\n\t\t\t\t<h3 class=\"elementor-post__title\">\n\t\t\t<a href=\"https:\/\/calaestudi.com\/ca\/comprar-un-terreny-al-maresme\/\">\n\t\t\t\tComprar un terreny al Maresme: qu\u00e8 cal revisar abans de construir | Cala Estudi\t\t\t<\/a>\n\t\t<\/h3>\n\t\t\n\t\t<a class=\"elementor-post__read-more\" href=\"https:\/\/calaestudi.com\/ca\/comprar-un-terreny-al-maresme\/\" aria-label=\"Read more about Comprar un terreno en el Maresme: qu\u00e9 revisar antes de construir | Cala Estudi\" tabindex=\"-1\">\n\t\t\tLlegir M\u00e9s\t\t<\/a>\n\n\t\t\t\t<\/div>\n\t\t\t\t<\/article>\n\t\t\t\t<\/div>\n\t\t\n\t\t\t\t\t\t<\/div>\n\t\t\t\t<\/div>\n\t\t\t\t\t<\/div>\n\t\t\t\t<\/div>\n\t\t\t\t<\/div>","protected":false},"excerpt":{"rendered":"<p>L&#039;Estrat\u00e8gia de la P\u00e0tina que Garanteix 100 anys de Longevitat al Revestiment de Zinc per a Fa\u00e7anes El Zinc \u00e9s un material que ha passat de ser un simple component de cobertes a un element definitori de l&#039;arquitectura contempor\u00e0nia. La durabilitat, flexibilitat i el proc\u00e9s natural d&#039;envelliment<\/p>","protected":false},"author":2,"featured_media":1926,"comment_status":"open","ping_status":"open","sticky":false,"template":"","format":"standard","meta":{"footnotes":""},"categories":[1],"tags":[],"class_list":["post-2119","post","type-post","status-publish","format-standard","has-post-thumbnail","hentry","category-uncategorized"],"_links":{"self":[{"href":"https:\/\/calaestudi.com\/ca\/wp-json\/wp\/v2\/posts\/2119","targetHints":{"allow":["GET"]}}],"collection":[{"href":"https:\/\/calaestudi.com\/ca\/wp-json\/wp\/v2\/posts"}],"about":[{"href":"https:\/\/calaestudi.com\/ca\/wp-json\/wp\/v2\/types\/post"}],"author":[{"embeddable":true,"href":"https:\/\/calaestudi.com\/ca\/wp-json\/wp\/v2\/users\/2"}],"replies":[{"embeddable":true,"href":"https:\/\/calaestudi.com\/ca\/wp-json\/wp\/v2\/comments?post=2119"}],"version-history":[{"count":17,"href":"https:\/\/calaestudi.com\/ca\/wp-json\/wp\/v2\/posts\/2119\/revisions"}],"predecessor-version":[{"id":2666,"href":"https:\/\/calaestudi.com\/ca\/wp-json\/wp\/v2\/posts\/2119\/revisions\/2666"}],"wp:featuredmedia":[{"embeddable":true,"href":"https:\/\/calaestudi.com\/ca\/wp-json\/wp\/v2\/media\/1926"}],"wp:attachment":[{"href":"https:\/\/calaestudi.com\/ca\/wp-json\/wp\/v2\/media?parent=2119"}],"wp:term":[{"taxonomy":"category","embeddable":true,"href":"https:\/\/calaestudi.com\/ca\/wp-json\/wp\/v2\/categories?post=2119"},{"taxonomy":"post_tag","embeddable":true,"href":"https:\/\/calaestudi.com\/ca\/wp-json\/wp\/v2\/tags?post=2119"}],"curies":[{"name":"wp","href":"https:\/\/api.w.org\/{rel}","templated":true}]}}