{"id":2176,"date":"2025-12-18T10:00:00","date_gmt":"2025-12-18T10:00:00","guid":{"rendered":"https:\/\/calaestudi.com\/?p=2176"},"modified":"2025-12-11T10:58:57","modified_gmt":"2025-12-11T10:58:57","slug":"revestimientos-de-arcilla","status":"publish","type":"post","link":"https:\/\/calaestudi.com\/ca\/revestiments-dargila\/","title":{"rendered":"Revestiments d&#039;argila: 5 Raons Sorprenents per les que s\u00f3n essencials per al benestar interior."},"content":{"rendered":"<div data-elementor-type=\"wp-post\" data-elementor-id=\"2176\" class=\"elementor elementor-2176\" data-elementor-post-type=\"post\">\n\t\t\t\t<div class=\"elementor-element elementor-element-a73b99e e-con-full e-flex e-con e-parent\" data-id=\"a73b99e\" data-element_type=\"container\">\n\t\t\t\t<div class=\"elementor-element elementor-element-bd80db5 elementor-widget elementor-widget-image\" data-id=\"bd80db5\" data-element_type=\"widget\" data-widget_type=\"image.default\">\n\t\t\t\t<div class=\"elementor-widget-container\">\n\t\t\t\t\t\t\t\t\t\t\t\t\t\t\t<img fetchpriority=\"high\" decoding=\"async\" width=\"735\" height=\"980\" src=\"https:\/\/calaestudi.com\/wp-content\/uploads\/2025\/11\/descarga-56.jpg\" class=\"attachment-full size-full wp-image-2479\" alt=\"\" srcset=\"https:\/\/calaestudi.com\/wp-content\/uploads\/2025\/11\/descarga-56.jpg 735w, https:\/\/calaestudi.com\/wp-content\/uploads\/2025\/11\/descarga-56-225x300.jpg 225w, https:\/\/calaestudi.com\/wp-content\/uploads\/2025\/11\/descarga-56-9x12.jpg 9w\" sizes=\"(max-width: 735px) 100vw, 735px\" \/>\t\t\t\t\t\t\t\t\t\t\t\t\t\t\t<\/div>\n\t\t\t\t<\/div>\n\t\t\t\t<div class=\"elementor-element elementor-element-ffbc517 elementor-widget elementor-widget-text-editor\" data-id=\"ffbc517\" data-element_type=\"widget\" data-widget_type=\"text-editor.default\">\n\t\t\t\t<div class=\"elementor-widget-container\">\n\t\t\t\t\t\t\t\t\t<h2><b>La Ci\u00e8ncia Darrere del Confort dels revestiments d&#039;argila<\/b><\/h2>\t\t\t\t\t\t\t\t<\/div>\n\t\t\t\t<\/div>\n\t\t\t\t<div class=\"elementor-element elementor-element-fcd13e7 elementor-widget elementor-widget-text-editor\" data-id=\"fcd13e7\" data-element_type=\"widget\" data-widget_type=\"text-editor.default\">\n\t\t\t\t<div class=\"elementor-widget-container\">\n\t\t\t\t\t\t\t\t\t<p><span style=\"color: #030140;\"><span style=\"font-weight: 400;\">La for\u00e7a del <\/span>revestiment d&#039;argila<span style=\"font-weight: 400;\"> resideix a la seva <strong>composici\u00f3 elemental<\/strong>: una barreja d&#039;argiles naturals, sorres fines i fibres vegetals. Aquest material, <strong>completament ecol\u00f2gic<\/strong>, permet que les parets &quot;respirin&quot;, absorbint l&#039;exc\u00e9s d&#039;humitat i alliberant-la quan l&#039;ambient s&#039;asseca. La seva aplicaci\u00f3 es realitza en capes primes sobre una base estable, ja sigui de guix, ciment o panells ecol\u00f2gics. Gr\u00e0cies a la seva <strong>versatilitat<\/strong>, pot allisar-se fins a obtenir un <strong>acabat gaireb\u00e9 polit<\/strong> o deixar-se amb una <strong>textura m\u00e9s org\u00e0nica<\/strong> i artesanal. A m\u00e9s de la seva bellesa, el <\/span>revestiment d&#039;argila<span style=\"font-weight: 400;\"> actua com <strong>regulador t\u00e8rmic i ac\u00fastic<\/strong>, aportant confort sense rec\u00f3rrer a solucions artificials.<\/span><\/span><\/p>\t\t\t\t\t\t\t\t<\/div>\n\t\t\t\t<\/div>\n\t\t\t\t<div class=\"elementor-element elementor-element-2357f4d elementor-widget elementor-widget-text-editor\" data-id=\"2357f4d\" data-element_type=\"widget\" data-widget_type=\"text-editor.default\">\n\t\t\t\t<div class=\"elementor-widget-container\">\n\t\t\t\t\t\t\t\t\t<h3><b>Per qu\u00e8 l&#039;Argila Supera els Revestiments Sint\u00e8tics a Espais Contemporanis <\/b><\/h3>\t\t\t\t\t\t\t\t<\/div>\n\t\t\t\t<\/div>\n\t\t\t\t<div class=\"elementor-element elementor-element-cb43620 elementor-widget elementor-widget-text-editor\" data-id=\"cb43620\" data-element_type=\"widget\" data-widget_type=\"text-editor.default\">\n\t\t\t\t<div class=\"elementor-widget-container\">\n\t\t\t\t\t\t\t\t\t<p><span style=\"color: #030140;\">Al nostre estudi, quan el projecte requereix equilibri entre est\u00e8tica, salut ambiental i durabilitat, els revestiments d&#039;argila es converteixen en una elecci\u00f3 priorit\u00e0ria.<strong> Est\u00e8tica C\u00e0lida i Textura Viva <\/strong>A difer\u00e8ncia de les pintures pl\u00e0stiques o microciments, l&#039;argila posseeix una <strong>textura suau i visualment din\u00e0mica<\/strong>. Cada capa deixa una empremta manual, un joc d&#039;ombres i matisos que <strong>aporten profunditat<\/strong> als murs. La superf\u00edcie <strong>no reflecteix la llum,<\/strong> sin\u00f3 que la<strong> absorbeix i la suavitza<\/strong>, generant ambients \u00edntims i relaxants.<\/span><\/p>\t\t\t\t\t\t\t\t<\/div>\n\t\t\t\t<\/div>\n\t\t\t\t<div class=\"elementor-element elementor-element-af6bb41 elementor-widget elementor-widget-image\" data-id=\"af6bb41\" data-element_type=\"widget\" data-widget_type=\"image.default\">\n\t\t\t\t<div class=\"elementor-widget-container\">\n\t\t\t\t\t\t\t\t\t\t\t\t\t\t\t<img decoding=\"async\" width=\"736\" height=\"736\" src=\"https:\/\/calaestudi.com\/wp-content\/uploads\/2025\/11\/Revestimientos-de-arcilla-la-solucion-saludable-de-encantadora-belleza-imperfecta-tipo-wabi-sabi.jpg\" class=\"attachment-full size-full wp-image-2480\" alt=\"argila\" srcset=\"https:\/\/calaestudi.com\/wp-content\/uploads\/2025\/11\/Revestimientos-de-arcilla-la-solucion-saludable-de-encantadora-belleza-imperfecta-tipo-wabi-sabi.jpg 736w, https:\/\/calaestudi.com\/wp-content\/uploads\/2025\/11\/Revestimientos-de-arcilla-la-solucion-saludable-de-encantadora-belleza-imperfecta-tipo-wabi-sabi-300x300.jpg 300w, https:\/\/calaestudi.com\/wp-content\/uploads\/2025\/11\/Revestimientos-de-arcilla-la-solucion-saludable-de-encantadora-belleza-imperfecta-tipo-wabi-sabi-150x150.jpg 150w, https:\/\/calaestudi.com\/wp-content\/uploads\/2025\/11\/Revestimientos-de-arcilla-la-solucion-saludable-de-encantadora-belleza-imperfecta-tipo-wabi-sabi-12x12.jpg 12w\" sizes=\"(max-width: 736px) 100vw, 736px\" \/>\t\t\t\t\t\t\t\t\t\t\t\t\t\t\t<\/div>\n\t\t\t\t<\/div>\n\t\t\t\t<div class=\"elementor-element elementor-element-fbc5e0a elementor-widget elementor-widget-text-editor\" data-id=\"fbc5e0a\" data-element_type=\"widget\" data-widget_type=\"text-editor.default\">\n\t\t\t\t<div class=\"elementor-widget-container\">\n\t\t\t\t\t\t\t\t\t<h3><b>Salut Constructiva i Benestar Interior<\/b><\/h3>\t\t\t\t\t\t\t\t<\/div>\n\t\t\t\t<\/div>\n\t\t\t\t<div class=\"elementor-element elementor-element-4093d5d elementor-widget elementor-widget-text-editor\" data-id=\"4093d5d\" data-element_type=\"widget\" data-widget_type=\"text-editor.default\">\n\t\t\t\t<div class=\"elementor-widget-container\">\n\t\t\t\t\t\t\t\t\t<p><span style=\"font-weight: 400; color: #030140;\">L&#039;argila \u00e9s naturalment <strong>transpirable i lliure de compostos qu\u00edmics<\/strong> vol\u00e0tils. Aquesta caracter\u00edstica millora la qualitat de l\u02bbaire interior, evitant condensacions i fongs. A m\u00e9s, <strong>regula la humitat relativa,<\/strong> mantenint un confort ambiental constant durant tot l\u00b4any. L&#039;argila \u00e9s un material <strong>100% reciclable<\/strong> i <strong>biodegradable<\/strong>. La baixa empremta de carboni i la disponibilitat local la converteixen en una de les opcions m\u00e9s coherents per a projectes de bioconstrucci\u00f3.\u00a0<\/span><\/p>\t\t\t\t\t\t\t\t<\/div>\n\t\t\t\t<\/div>\n\t\t\t\t<div class=\"elementor-element elementor-element-b7d183c elementor-widget elementor-widget-text-editor\" data-id=\"b7d183c\" data-element_type=\"widget\" data-widget_type=\"text-editor.default\">\n\t\t\t\t<div class=\"elementor-widget-container\">\n\t\t\t\t\t\t\t\t\t<h3><b>El Secret Essencial de l&#039;Acabat i la Resist\u00e8ncia de l&#039;Argila<\/b><\/h3>\t\t\t\t\t\t\t\t<\/div>\n\t\t\t\t<\/div>\n\t\t\t\t<div class=\"elementor-element elementor-element-ad256ad elementor-widget__width-initial elementor-widget elementor-widget-text-editor\" data-id=\"ad256ad\" data-element_type=\"widget\" data-widget_type=\"text-editor.default\">\n\t\t\t\t<div class=\"elementor-widget-container\">\n\t\t\t\t\t\t\t\t\t<p><span style=\"color: #030140;\"><span style=\"font-weight: 400;\">El veritable encant del <\/span>revestiment d&#039;argila<span style=\"font-weight: 400;\"> resideix al <strong>proc\u00e9s artesanal<\/strong>. Despr\u00e9s d&#039;aplicar la primera capa base, s&#039;est\u00e9n una o dues mans fines de barreja acolorida, compactant-les amb llana met\u00e0l\u00b7lica o esponja segons l&#039;acabat desitjat. Per a m\u00e9s resist\u00e8ncia, es pot aplicar un <strong>segellat natural<\/strong> a base de ceres o sabons vegetals, que reforcen la superf\u00edcie sense eliminar-ne la transpirabilitat. Aquest detall t\u00e8cnic garanteix una <strong>m\u00e9s durabilitat<\/strong> i una <strong>est\u00e8tica impecable<\/strong> amb el pas del temps.<\/span><\/span><\/p>\t\t\t\t\t\t\t\t<\/div>\n\t\t\t\t<\/div>\n\t\t\t\t<div class=\"elementor-element elementor-element-ccc07b2 elementor-widget elementor-widget-text-editor\" data-id=\"ccc07b2\" data-element_type=\"widget\" data-widget_type=\"text-editor.default\">\n\t\t\t\t<div class=\"elementor-widget-container\">\n\t\t\t\t\t\t\t\t\t<h2><b>5 Claus per a la Cura del Revestiment d&#039;Argila a Interiors<\/b><\/h2>\t\t\t\t\t\t\t\t<\/div>\n\t\t\t\t<\/div>\n\t\t\t\t<div class=\"elementor-element elementor-element-b608658 elementor-widget elementor-widget-text-editor\" data-id=\"b608658\" data-element_type=\"widget\" data-widget_type=\"text-editor.default\">\n\t\t\t\t<div class=\"elementor-widget-container\">\n\t\t\t\t\t\t\t\t\t<ol><li style=\"font-weight: 400;\" aria-level=\"1\"><span style=\"color: #030140;\"><b>Neteja suau:<\/b><span style=\"font-weight: 400;\"> Utilitzar nom\u00e9s draps humits o sab\u00f3 neutre; mai productes qu\u00edmics ni abrasius.<\/span><\/span><\/li><li style=\"font-weight: 400;\" aria-level=\"1\"><span style=\"color: #030140;\"><b>Evitar cops i frecs forts:<\/b><span style=\"font-weight: 400;\"> Tot i que \u00e9s resistent, l&#039;argila continua sent un material mineral.<\/span><\/span><\/li><li style=\"font-weight: 400;\" aria-level=\"1\"><span style=\"color: #030140;\"><b>Reparacions senzilles:<\/b><span style=\"font-weight: 400;\"> Si es fa malb\u00e9 una zona, es pot retocar localment amb la mateixa barreja.<\/span><\/span><\/li><li style=\"font-weight: 400;\" aria-level=\"1\"><span style=\"color: #030140;\"><b>Rehidrataci\u00f3 peri\u00f2dica:<\/b><span style=\"font-weight: 400;\"> En ambients molt secs, polvoritzar lleugerament aigua per mantenir la textura natural.<\/span><\/span><\/li><li style=\"font-weight: 400;\" aria-level=\"1\"><span style=\"color: #030140;\"><b>Segellat natural opcional:<\/b><span style=\"font-weight: 400;\"> Renovar la protecci\u00f3 amb cera o sab\u00f3 vegetal cada 2-3 anys per tal de conservar el to i el tacte original.<\/span><\/span><\/li><\/ol>\t\t\t\t\t\t\t\t<\/div>\n\t\t\t\t<\/div>\n\t\t\t\t<div class=\"elementor-element elementor-element-911f9e1 elementor-widget elementor-widget-text-editor\" data-id=\"911f9e1\" data-element_type=\"widget\" data-widget_type=\"text-editor.default\">\n\t\t\t\t<div class=\"elementor-widget-container\">\n\t\t\t\t\t\t\t\t\t<p><span style=\"color: #030140;\"><b><span style=\"font-weight: 400;\">Per portar la teva inspiraci\u00f3 al seg\u00fcent nivell, pots fer una ullada a <strong><a href=\"https:\/\/www.instagram.com\/calaestudi\/\" target=\"_blank\" rel=\"noopener\"><span style=\"text-decoration: underline;\">el nostre Instagram<\/span><\/a><\/strong> o veure tots els nostres projectes <\/span><span style=\"text-decoration: underline;\"><a href=\"https:\/\/www.instagram.com\/calaestudi\/\" target=\"_blank\" rel=\"noopener\">aqu\u00ed.<\/a><\/span><\/b><\/span><\/p>\t\t\t\t\t\t\t\t<\/div>\n\t\t\t\t<\/div>\n\t\t\t\t<\/div>\n\t\t<div class=\"elementor-element elementor-element-9661b78 e-flex e-con-boxed e-con e-parent\" data-id=\"9661b78\" data-element_type=\"container\">\n\t\t\t\t\t<div class=\"e-con-inner\">\n\t\t\t\t<div class=\"elementor-element elementor-element-6ef348e elementor-posts--align-left elementor-grid-3 elementor-grid-tablet-2 elementor-grid-mobile-1 elementor-posts--thumbnail-top elementor-widget elementor-widget-posts\" data-id=\"6ef348e\" data-element_type=\"widget\" data-settings=\"{&quot;classic_columns&quot;:&quot;3&quot;,&quot;classic_columns_tablet&quot;:&quot;2&quot;,&quot;classic_columns_mobile&quot;:&quot;1&quot;,&quot;classic_row_gap&quot;:{&quot;unit&quot;:&quot;px&quot;,&quot;size&quot;:35,&quot;sizes&quot;:[]},&quot;classic_row_gap_tablet&quot;:{&quot;unit&quot;:&quot;px&quot;,&quot;size&quot;:&quot;&quot;,&quot;sizes&quot;:[]},&quot;classic_row_gap_mobile&quot;:{&quot;unit&quot;:&quot;px&quot;,&quot;size&quot;:&quot;&quot;,&quot;sizes&quot;:[]}}\" data-widget_type=\"posts.classic\">\n\t\t\t\t<div class=\"elementor-widget-container\">\n\t\t\t\t\t\t\t<div class=\"elementor-posts-container elementor-posts elementor-posts--skin-classic elementor-grid\" role=\"list\">\n\t\t\t\t<article class=\"elementor-post elementor-grid-item post-3368 post type-post status-publish format-standard has-post-thumbnail hentry category-uncategorized\" role=\"listitem\">\n\t\t\t\t<a class=\"elementor-post__thumbnail__link\" href=\"https:\/\/calaestudi.com\/ca\/que-inclou-la-feina-dun-arquitecte\/\" tabindex=\"-1\">\n\t\t\t<div class=\"elementor-post__thumbnail\"><img decoding=\"async\" width=\"1024\" height=\"576\" src=\"https:\/\/calaestudi.com\/wp-content\/uploads\/2025\/12\/cala-estudi_escaletes-sant-pol-de-mar_dormitorio-ventanales-acristalados.jpg\" class=\"attachment-full size-full wp-image-2806\" alt=\"Qu\u00e8 inclou la feina d&#039;un arquitecte per a una casa unifamiliar al Maresme\" srcset=\"https:\/\/calaestudi.com\/wp-content\/uploads\/2025\/12\/cala-estudi_escaletes-sant-pol-de-mar_dormitorio-ventanales-acristalados.jpg 1024w, https:\/\/calaestudi.com\/wp-content\/uploads\/2025\/12\/cala-estudi_escaletes-sant-pol-de-mar_dormitorio-ventanales-acristalados-300x169.jpg 300w, https:\/\/calaestudi.com\/wp-content\/uploads\/2025\/12\/cala-estudi_escaletes-sant-pol-de-mar_dormitorio-ventanales-acristalados-768x432.jpg 768w, https:\/\/calaestudi.com\/wp-content\/uploads\/2025\/12\/cala-estudi_escaletes-sant-pol-de-mar_dormitorio-ventanales-acristalados-18x10.jpg 18w\" sizes=\"(max-width: 1024px) 100vw, 1024px\" \/><\/div>\n\t\t<\/a>\n\t\t\t\t<div class=\"elementor-post__text\">\n\t\t\t\t<h3 class=\"elementor-post__title\">\n\t\t\t<a href=\"https:\/\/calaestudi.com\/ca\/que-inclou-la-feina-dun-arquitecte\/\">\n\t\t\t\tQu\u00e8 inclou el treball d?un arquitecte per a una casa unifamiliar al Maresme | Cala Estudi\t\t\t<\/a>\n\t\t<\/h3>\n\t\t\n\t\t<a class=\"elementor-post__read-more\" href=\"https:\/\/calaestudi.com\/ca\/que-inclou-la-feina-dun-arquitecte\/\" aria-label=\"Read more about Qu\u00e9 incluye el trabajo de un arquitecto para una casa unifamiliar en el Maresme | Cala Estudi\" tabindex=\"-1\">\n\t\t\tLlegir M\u00e9s\t\t<\/a>\n\n\t\t\t\t<\/div>\n\t\t\t\t<\/article>\n\t\t\t\t<article class=\"elementor-post elementor-grid-item post-3356 post type-post status-publish format-standard has-post-thumbnail hentry category-uncategorized\" role=\"listitem\">\n\t\t\t\t<a class=\"elementor-post__thumbnail__link\" href=\"https:\/\/calaestudi.com\/ca\/proces-per-construir-una-casa-al-maresme\/\" tabindex=\"-1\">\n\t\t\t<div class=\"elementor-post__thumbnail\"><img loading=\"lazy\" decoding=\"async\" width=\"1881\" height=\"1254\" src=\"https:\/\/calaestudi.com\/wp-content\/uploads\/2025\/04\/3.png\" class=\"attachment-full size-full wp-image-1110\" alt=\"proc\u00e9s per construir una casa al Maresme\" srcset=\"https:\/\/calaestudi.com\/wp-content\/uploads\/2025\/04\/3.png 1881w, https:\/\/calaestudi.com\/wp-content\/uploads\/2025\/04\/3-300x200.png 300w, https:\/\/calaestudi.com\/wp-content\/uploads\/2025\/04\/3-1024x683.png 1024w, https:\/\/calaestudi.com\/wp-content\/uploads\/2025\/04\/3-768x512.png 768w, https:\/\/calaestudi.com\/wp-content\/uploads\/2025\/04\/3-1536x1024.png 1536w, https:\/\/calaestudi.com\/wp-content\/uploads\/2025\/04\/3-18x12.png 18w\" sizes=\"(max-width: 1881px) 100vw, 1881px\" \/><\/div>\n\t\t<\/a>\n\t\t\t\t<div class=\"elementor-post__text\">\n\t\t\t\t<h3 class=\"elementor-post__title\">\n\t\t\t<a href=\"https:\/\/calaestudi.com\/ca\/proces-per-construir-una-casa-al-maresme\/\">\n\t\t\t\tProc\u00e9s per construir una casa al Maresme: fases i temps | Cala Estudi\t\t\t<\/a>\n\t\t<\/h3>\n\t\t\n\t\t<a class=\"elementor-post__read-more\" href=\"https:\/\/calaestudi.com\/ca\/proces-per-construir-una-casa-al-maresme\/\" aria-label=\"Read more about Proceso para construir una casa en el Maresme: fases y tiempos | Cala Estudi\" tabindex=\"-1\">\n\t\t\tLlegir M\u00e9s\t\t<\/a>\n\n\t\t\t\t<\/div>\n\t\t\t\t<\/article>\n\t\t\t\t<article class=\"elementor-post elementor-grid-item post-3336 post type-post status-publish format-standard hentry category-uncategorized\" role=\"listitem\">\n\t\t\t\t<div class=\"elementor-post__text\">\n\t\t\t\t<h3 class=\"elementor-post__title\">\n\t\t\t<a href=\"https:\/\/calaestudi.com\/ca\/comprar-un-terreny-al-maresme\/\">\n\t\t\t\tComprar un terreny al Maresme: qu\u00e8 cal revisar abans de construir | Cala Estudi\t\t\t<\/a>\n\t\t<\/h3>\n\t\t\n\t\t<a class=\"elementor-post__read-more\" href=\"https:\/\/calaestudi.com\/ca\/comprar-un-terreny-al-maresme\/\" aria-label=\"Read more about Comprar un terreno en el Maresme: qu\u00e9 revisar antes de construir | Cala Estudi\" tabindex=\"-1\">\n\t\t\tLlegir M\u00e9s\t\t<\/a>\n\n\t\t\t\t<\/div>\n\t\t\t\t<\/article>\n\t\t\t\t<\/div>\n\t\t\n\t\t\t\t\t\t<\/div>\n\t\t\t\t<\/div>\n\t\t\t\t\t<\/div>\n\t\t\t\t<\/div>\n\t\t\t\t<\/div>","protected":false},"excerpt":{"rendered":"<p>La Ci\u00e8ncia Darrere del Confort dels revestiments d&#039;argila La for\u00e7a del revestiment d&#039;argila resideix en la composici\u00f3 elemental: una barreja d&#039;argiles naturals, sorres fines i fibres vegetals. Aquest material completament ecol\u00f2gic permet que les parets \u00abrespirin\u00bb, absorbint l&#039;exc\u00e9s d&#039;humitat i alliberant-la quan l&#039;ambient<\/p>","protected":false},"author":2,"featured_media":2480,"comment_status":"open","ping_status":"open","sticky":false,"template":"","format":"standard","meta":{"footnotes":""},"categories":[1],"tags":[],"class_list":["post-2176","post","type-post","status-publish","format-standard","has-post-thumbnail","hentry","category-uncategorized"],"_links":{"self":[{"href":"https:\/\/calaestudi.com\/ca\/wp-json\/wp\/v2\/posts\/2176","targetHints":{"allow":["GET"]}}],"collection":[{"href":"https:\/\/calaestudi.com\/ca\/wp-json\/wp\/v2\/posts"}],"about":[{"href":"https:\/\/calaestudi.com\/ca\/wp-json\/wp\/v2\/types\/post"}],"author":[{"embeddable":true,"href":"https:\/\/calaestudi.com\/ca\/wp-json\/wp\/v2\/users\/2"}],"replies":[{"embeddable":true,"href":"https:\/\/calaestudi.com\/ca\/wp-json\/wp\/v2\/comments?post=2176"}],"version-history":[{"count":18,"href":"https:\/\/calaestudi.com\/ca\/wp-json\/wp\/v2\/posts\/2176\/revisions"}],"predecessor-version":[{"id":2829,"href":"https:\/\/calaestudi.com\/ca\/wp-json\/wp\/v2\/posts\/2176\/revisions\/2829"}],"wp:featuredmedia":[{"embeddable":true,"href":"https:\/\/calaestudi.com\/ca\/wp-json\/wp\/v2\/media\/2480"}],"wp:attachment":[{"href":"https:\/\/calaestudi.com\/ca\/wp-json\/wp\/v2\/media?parent=2176"}],"wp:term":[{"taxonomy":"category","embeddable":true,"href":"https:\/\/calaestudi.com\/ca\/wp-json\/wp\/v2\/categories?post=2176"},{"taxonomy":"post_tag","embeddable":true,"href":"https:\/\/calaestudi.com\/ca\/wp-json\/wp\/v2\/tags?post=2176"}],"curies":[{"name":"wp","href":"https:\/\/api.w.org\/{rel}","templated":true}]}}